{"id":9948,"date":"2023-11-26T10:48:23","date_gmt":"2023-11-26T15:48:23","guid":{"rendered":"https:\/\/elmercuriomanta.ec\/?p=9948"},"modified":"2023-11-26T10:48:25","modified_gmt":"2023-11-26T15:48:25","slug":"aviso-importante-para-los-prestadores-externos-de-salud-2","status":"publish","type":"post","link":"https:\/\/elmercuriomanta.ec\/index.php\/2023\/11\/26\/aviso-importante-para-los-prestadores-externos-de-salud-2\/","title":{"rendered":"Aviso importante para los prestadores externos de salud"},"content":{"rendered":"\n<figure class=\"wp-block-image aligncenter size-full is-resized\"><img fetchpriority=\"high\" decoding=\"async\" width=\"275\" height=\"183\" src=\"https:\/\/elmercuriomanta.ec\/wp-content\/uploads\/2023\/11\/image-373.png\" alt=\"\" class=\"wp-image-9949\" style=\"width:422px;height:auto\"\/><\/figure>\n\n\n\n<p>El Instituto Ecuatoriano de Seguridad (IESS) honra las deudas con los prestadores externos de salud. La Direcci\u00f3n del Seguro General de Salud, Individual y Familiar del IESS autoriz\u00f3 a todas las Coordinaciones Provinciales de Salud solicitar facturas a los prestadores a escala nacional para pagar USD 252 millones. Durante esta semana solicitamos las facturas 2023, a trav\u00e9s de la plataforma SECAF.<\/p>\n\n\n\n<p>Las facturas correspondientes al 2022 ser\u00e1n solicitadas mediante el mail institucional. Para garantizar el pago, exhortamos a todos los prestadores externos subir toda la documentaci\u00f3n \u00fanicamente a trav\u00e9s de la plataforma para garantizar un proceso transparente, eficiente y oportuno. Aplica para todos los prestadores de salud que mantengan convenio con el IESS. Recordamos que no existen tr\u00e1mites presenciales ni intermediarios.<\/p>\n","protected":false},"excerpt":{"rendered":"<p>El Instituto Ecuatoriano de Seguridad (IESS) honra las deudas con los prestadores externos de salud. La Direcci\u00f3n del Seguro General de Salud, Individual y Familiar del IESS autoriz\u00f3 a todas las Coordinaciones Provinciales de Salud solicitar facturas a los prestadores a escala nacional para pagar USD 252 millones. Durante esta semana solicitamos las facturas 2023, a trav\u00e9s de la plataforma SECAF.<\/p>\n","protected":false},"author":1,"featured_media":9949,"comment_status":"open","ping_status":"open","sticky":false,"template":"","format":"standard","meta":{"footnotes":""},"categories":[1],"tags":[23],"class_list":["post-9948","post","type-post","status-publish","format-standard","has-post-thumbnail","hentry","category-uncategorized","tag-ecuador"],"_links":{"self":[{"href":"https:\/\/elmercuriomanta.ec\/index.php\/wp-json\/wp\/v2\/posts\/9948","targetHints":{"allow":["GET"]}}],"collection":[{"href":"https:\/\/elmercuriomanta.ec\/index.php\/wp-json\/wp\/v2\/posts"}],"about":[{"href":"https:\/\/elmercuriomanta.ec\/index.php\/wp-json\/wp\/v2\/types\/post"}],"author":[{"embeddable":true,"href":"https:\/\/elmercuriomanta.ec\/index.php\/wp-json\/wp\/v2\/users\/1"}],"replies":[{"embeddable":true,"href":"https:\/\/elmercuriomanta.ec\/index.php\/wp-json\/wp\/v2\/comments?post=9948"}],"version-history":[{"count":1,"href":"https:\/\/elmercuriomanta.ec\/index.php\/wp-json\/wp\/v2\/posts\/9948\/revisions"}],"predecessor-version":[{"id":9950,"href":"https:\/\/elmercuriomanta.ec\/index.php\/wp-json\/wp\/v2\/posts\/9948\/revisions\/9950"}],"wp:featuredmedia":[{"embeddable":true,"href":"https:\/\/elmercuriomanta.ec\/index.php\/wp-json\/wp\/v2\/media\/9949"}],"wp:attachment":[{"href":"https:\/\/elmercuriomanta.ec\/index.php\/wp-json\/wp\/v2\/media?parent=9948"}],"wp:term":[{"taxonomy":"category","embeddable":true,"href":"https:\/\/elmercuriomanta.ec\/index.php\/wp-json\/wp\/v2\/categories?post=9948"},{"taxonomy":"post_tag","embeddable":true,"href":"https:\/\/elmercuriomanta.ec\/index.php\/wp-json\/wp\/v2\/tags?post=9948"}],"curies":[{"name":"wp","href":"https:\/\/api.w.org\/{rel}","templated":true}]}}