{"id":9738,"date":"2023-11-22T14:18:02","date_gmt":"2023-11-22T19:18:02","guid":{"rendered":"https:\/\/elmercuriomanta.ec\/?p=9738"},"modified":"2023-11-22T14:18:04","modified_gmt":"2023-11-22T19:18:04","slug":"cientos-de-feligreses-caminaron-junto-a-la-virgen-del-monserrate","status":"publish","type":"post","link":"https:\/\/elmercuriomanta.ec\/index.php\/2023\/11\/22\/cientos-de-feligreses-caminaron-junto-a-la-virgen-del-monserrate\/","title":{"rendered":"Cientos de feligreses caminaron junto a la virgen del Monserrate"},"content":{"rendered":"\n<figure class=\"wp-block-image aligncenter size-large is-resized\"><img fetchpriority=\"high\" decoding=\"async\" width=\"1024\" height=\"640\" src=\"https:\/\/elmercuriomanta.ec\/wp-content\/uploads\/2023\/11\/image-327-edited.png\" alt=\"\" class=\"wp-image-9740\" style=\"width:405px;height:auto\" srcset=\"https:\/\/elmercuriomanta.ec\/wp-content\/uploads\/2023\/11\/image-327-edited.png 1024w, https:\/\/elmercuriomanta.ec\/wp-content\/uploads\/2023\/11\/image-327-edited-300x188.png 300w, https:\/\/elmercuriomanta.ec\/wp-content\/uploads\/2023\/11\/image-327-edited-768x480.png 768w\" sizes=\"(max-width: 1024px) 100vw, 1024px\" \/><\/figure>\n\n\n\n<p>Cientos de feligreses de varios lugares del pa\u00eds acompa\u00f1aron en Montecristi, provincia de Manab\u00ed, a la Virgen de Monserrat, patrona de los manabitas. Con fe y devoci\u00f3n los fieles caminaron en la procesi\u00f3n de este 21 de noviembre haciendo \u00abmandas\u00bb al Santuario de la Virgen.<\/p>\n\n\n\n<p>La imagen de la Virgen recorri\u00f3 las calles Sucre, Jos\u00e9 Cesario Reyes, avenida Guillermo Balda, calle Am\u00e9rica, Av. Metropolitana, calle 10 de Agosto y Av. Rocafuerte. La Misa Mayor se desarrollar\u00e1 a las 19h00, luego de la procesi\u00f3n a la Virgen de Monserrat. A esta hora decenas de devotos llegan a la Bas\u00edlica Menor a agradecerle por los milagros concedidos. Seguridad Agentes municipales, Cruz Roja, cuerpo de bomberos, brigadistas comunitarios y voluntarios de la protecci\u00f3n civil, resguadan la seguridad de los feligreses.<\/p>\n","protected":false},"excerpt":{"rendered":"<p>Cientos de feligreses de varios lugares del pa\u00eds acompa\u00f1aron en Montecristi, provincia de Manab\u00ed, a la Virgen de Monserrat, patrona de los manabitas. Con fe y devoci\u00f3n los fieles caminaron en la procesi\u00f3n de este 21 de noviembre haciendo \u00abmandas\u00bb al Santuario de la Virgen.<\/p>\n","protected":false},"author":1,"featured_media":9740,"comment_status":"open","ping_status":"open","sticky":false,"template":"","format":"standard","meta":{"footnotes":""},"categories":[20,83],"tags":[29],"class_list":["post-9738","post","type-post","status-publish","format-standard","has-post-thumbnail","hentry","category-portada-2","category-sucesos","tag-manabi"],"_links":{"self":[{"href":"https:\/\/elmercuriomanta.ec\/index.php\/wp-json\/wp\/v2\/posts\/9738","targetHints":{"allow":["GET"]}}],"collection":[{"href":"https:\/\/elmercuriomanta.ec\/index.php\/wp-json\/wp\/v2\/posts"}],"about":[{"href":"https:\/\/elmercuriomanta.ec\/index.php\/wp-json\/wp\/v2\/types\/post"}],"author":[{"embeddable":true,"href":"https:\/\/elmercuriomanta.ec\/index.php\/wp-json\/wp\/v2\/users\/1"}],"replies":[{"embeddable":true,"href":"https:\/\/elmercuriomanta.ec\/index.php\/wp-json\/wp\/v2\/comments?post=9738"}],"version-history":[{"count":1,"href":"https:\/\/elmercuriomanta.ec\/index.php\/wp-json\/wp\/v2\/posts\/9738\/revisions"}],"predecessor-version":[{"id":9741,"href":"https:\/\/elmercuriomanta.ec\/index.php\/wp-json\/wp\/v2\/posts\/9738\/revisions\/9741"}],"wp:featuredmedia":[{"embeddable":true,"href":"https:\/\/elmercuriomanta.ec\/index.php\/wp-json\/wp\/v2\/media\/9740"}],"wp:attachment":[{"href":"https:\/\/elmercuriomanta.ec\/index.php\/wp-json\/wp\/v2\/media?parent=9738"}],"wp:term":[{"taxonomy":"category","embeddable":true,"href":"https:\/\/elmercuriomanta.ec\/index.php\/wp-json\/wp\/v2\/categories?post=9738"},{"taxonomy":"post_tag","embeddable":true,"href":"https:\/\/elmercuriomanta.ec\/index.php\/wp-json\/wp\/v2\/tags?post=9738"}],"curies":[{"name":"wp","href":"https:\/\/api.w.org\/{rel}","templated":true}]}}