{"id":9679,"date":"2023-11-21T10:18:03","date_gmt":"2023-11-21T15:18:03","guid":{"rendered":"https:\/\/elmercuriomanta.ec\/?p=9679"},"modified":"2023-11-21T10:18:45","modified_gmt":"2023-11-21T15:18:45","slug":"equipo-de-milei-ya-trabaja-con-el-fmi","status":"publish","type":"post","link":"https:\/\/elmercuriomanta.ec\/index.php\/2023\/11\/21\/equipo-de-milei-ya-trabaja-con-el-fmi\/","title":{"rendered":"Equipo de Milei ya trabaja con el FMI"},"content":{"rendered":"\n<figure class=\"wp-block-image aligncenter size-full is-resized\"><img fetchpriority=\"high\" decoding=\"async\" width=\"600\" height=\"399\" src=\"https:\/\/elmercuriomanta.ec\/wp-content\/uploads\/2023\/11\/image-317.png\" alt=\"\" class=\"wp-image-9680\" style=\"width:341px;height:auto\" srcset=\"https:\/\/elmercuriomanta.ec\/wp-content\/uploads\/2023\/11\/image-317.png 600w, https:\/\/elmercuriomanta.ec\/wp-content\/uploads\/2023\/11\/image-317-300x200.png 300w\" sizes=\"(max-width: 600px) 100vw, 600px\" \/><\/figure>\n\n\n\n<p>El presidente electo de Argentina, Javier Milei, afirm\u00f3 este 20 de noviembre de 2023 que \u201cest\u00e1n trabajando con las l\u00edneas de trabajo\u00bb del Fondo Monetario Internacional (FMI), entidad con la que el pa\u00eds tiene una deuda cercana a los 46 mil millones de d\u00f3lares.<\/p>\n\n\n\n<p>\u00abNuestras lineas de trabajo est\u00e1n trabajando con las l\u00edneas del Fondo\u00bb, dijo Milei en una entrevista con radio Mitre, despu\u00e9s de que la directora gerente del FMI, Kristalina Georgieva, hubiera felicitado en sus redes sociales al presidente electo y mostrado su deseo de trabajar \u00abestrechamente con \u00e9l\u00bb para desarrollar un plan que \u00abgarantice la estabilidad macroecon\u00f3mica\u00bb del pa\u00eds.<\/p>\n\n\n\n<p>&nbsp;Argentina sell\u00f3 un acuerdo con el FMI en 2022 para refinanciar la deuda de 45.000 millones de d\u00f3lares que el pa\u00eds sudamericano hab\u00eda contra\u00eddo en 2018 y que, con los intereses acumulados, ronda ya los 46.000 millones<\/p>\n","protected":false},"excerpt":{"rendered":"<p>l presidente electo de Argentina, Javier Milei, afirm\u00f3 este 20 de noviembre de 2023 que \u201cest\u00e1n trabajando con las l\u00edneas de trabajo\u00bb del Fondo Monetario Internacional (FMI), entidad con la que el pa\u00eds tiene una deuda cercana a los 46 mil millones de d\u00f3lares.<\/p>\n","protected":false},"author":1,"featured_media":9680,"comment_status":"open","ping_status":"open","sticky":false,"template":"","format":"standard","meta":{"footnotes":""},"categories":[8,1],"tags":[42],"class_list":["post-9679","post","type-post","status-publish","format-standard","has-post-thumbnail","hentry","category-internacional","category-uncategorized","tag-internacional"],"_links":{"self":[{"href":"https:\/\/elmercuriomanta.ec\/index.php\/wp-json\/wp\/v2\/posts\/9679","targetHints":{"allow":["GET"]}}],"collection":[{"href":"https:\/\/elmercuriomanta.ec\/index.php\/wp-json\/wp\/v2\/posts"}],"about":[{"href":"https:\/\/elmercuriomanta.ec\/index.php\/wp-json\/wp\/v2\/types\/post"}],"author":[{"embeddable":true,"href":"https:\/\/elmercuriomanta.ec\/index.php\/wp-json\/wp\/v2\/users\/1"}],"replies":[{"embeddable":true,"href":"https:\/\/elmercuriomanta.ec\/index.php\/wp-json\/wp\/v2\/comments?post=9679"}],"version-history":[{"count":2,"href":"https:\/\/elmercuriomanta.ec\/index.php\/wp-json\/wp\/v2\/posts\/9679\/revisions"}],"predecessor-version":[{"id":9682,"href":"https:\/\/elmercuriomanta.ec\/index.php\/wp-json\/wp\/v2\/posts\/9679\/revisions\/9682"}],"wp:featuredmedia":[{"embeddable":true,"href":"https:\/\/elmercuriomanta.ec\/index.php\/wp-json\/wp\/v2\/media\/9680"}],"wp:attachment":[{"href":"https:\/\/elmercuriomanta.ec\/index.php\/wp-json\/wp\/v2\/media?parent=9679"}],"wp:term":[{"taxonomy":"category","embeddable":true,"href":"https:\/\/elmercuriomanta.ec\/index.php\/wp-json\/wp\/v2\/categories?post=9679"},{"taxonomy":"post_tag","embeddable":true,"href":"https:\/\/elmercuriomanta.ec\/index.php\/wp-json\/wp\/v2\/tags?post=9679"}],"curies":[{"name":"wp","href":"https:\/\/api.w.org\/{rel}","templated":true}]}}