{"id":9639,"date":"2023-11-21T17:31:49","date_gmt":"2023-11-21T22:31:49","guid":{"rendered":"https:\/\/elmercuriomanta.ec\/?p=9639"},"modified":"2023-11-21T17:31:52","modified_gmt":"2023-11-21T22:31:52","slug":"el-barrio-san-valentin-y-su-gestion-social","status":"publish","type":"post","link":"https:\/\/elmercuriomanta.ec\/index.php\/2023\/11\/21\/el-barrio-san-valentin-y-su-gestion-social\/","title":{"rendered":"El barrio San Valent\u00edn y su gesti\u00f3n social"},"content":{"rendered":"\n<figure class=\"wp-block-image aligncenter size-large is-resized\"><img fetchpriority=\"high\" decoding=\"async\" width=\"720\" height=\"450\" src=\"https:\/\/elmercuriomanta.ec\/wp-content\/uploads\/2023\/11\/image-323-edited.png\" alt=\"\" class=\"wp-image-9707\" style=\"width:455px;height:auto\" srcset=\"https:\/\/elmercuriomanta.ec\/wp-content\/uploads\/2023\/11\/image-323-edited.png 720w, https:\/\/elmercuriomanta.ec\/wp-content\/uploads\/2023\/11\/image-323-edited-300x188.png 300w\" sizes=\"(max-width: 720px) 100vw, 720px\" \/><\/figure>\n\n\n\n<p>Historia <\/p>\n\n\n\n<p>El barrio San Valent\u00edn se fund\u00f3 el 10 de septiembre del 2004, con aproximadamente 15 a 20 familias, en la actualidad es habitado por m\u00e1s de 30 familias.<\/p>\n\n\n\n<p>Al ser un \u00e1rea invadida, en la alcald\u00eda del ingeniero Jorge Zambrano, el Municipio quer\u00eda desalojarlos, justo un 14 de febrero, por ello, surgi\u00f3 el nombre de el barrio San Valent\u00edn.  <\/p>\n\n\n\n<p>En su historia han tenido seis presidentes. En la actualidad, la directiva est\u00e1 conformada por once  personas. Limita con la loma que va al barrio Mar\u00eda Auxiliadora hasta la escuela del Porvenir.<\/p>\n\n\n\n<p>Obras<\/p>\n\n\n\n<p>Las gestiones que se realizan en el sector est\u00e1n enfocados en la labor social, ya que su presidenta, Leticia Zamora, es trabajadora social. Al barrio llegan los brigadas m\u00e9dicas con el apoyo del municipio. <\/p>\n\n\n\n<p>Cuenta con una cancha, un parque a\u00fan no terminado y una escuela fiscal. Por otra parte, tienen un chat comunitario entre los miembros de su directiva.<\/p>\n\n\n\n<div class=\"wp-block-columns is-layout-flex wp-container-core-columns-is-layout-28f84493 wp-block-columns-is-layout-flex\">\n<div class=\"wp-block-column is-layout-flow wp-block-column-is-layout-flow\">\n<figure class=\"wp-block-image size-large is-resized\"><img decoding=\"async\" width=\"720\" height=\"1152\" src=\"https:\/\/elmercuriomanta.ec\/wp-content\/uploads\/2023\/11\/ggg-edited.jpg\" alt=\"\" class=\"wp-image-9710\" style=\"width:192px;height:auto\" srcset=\"https:\/\/elmercuriomanta.ec\/wp-content\/uploads\/2023\/11\/ggg-edited.jpg 720w, https:\/\/elmercuriomanta.ec\/wp-content\/uploads\/2023\/11\/ggg-edited-188x300.jpg 188w, https:\/\/elmercuriomanta.ec\/wp-content\/uploads\/2023\/11\/ggg-edited-640x1024.jpg 640w\" sizes=\"(max-width: 720px) 100vw, 720px\" \/><\/figure>\n<\/div>\n\n\n\n<div class=\"wp-block-column is-layout-flow wp-block-column-is-layout-flow\">\n<figure class=\"wp-block-image size-large\"><img decoding=\"async\" width=\"720\" height=\"540\" src=\"https:\/\/elmercuriomanta.ec\/wp-content\/uploads\/2023\/11\/g-edited.jpg\" alt=\"\" class=\"wp-image-9711\" srcset=\"https:\/\/elmercuriomanta.ec\/wp-content\/uploads\/2023\/11\/g-edited.jpg 720w, https:\/\/elmercuriomanta.ec\/wp-content\/uploads\/2023\/11\/g-edited-300x225.jpg 300w\" sizes=\"(max-width: 720px) 100vw, 720px\" \/><\/figure>\n<\/div>\n<\/div>\n\n\n\n<p>Pedidos<\/p>\n\n\n\n<p>Su presidenta pide a la Alcaldesa la gesti\u00f3n del techado de la cancha del sector, ya que la presencia del sol causa molestar a la hora de realizar actividades recreativas. Adem\u00e1s del arreglo de la calle que une el sector de San Valent\u00edn y el Porvenir. Por otra parte, la se\u00f1ora Letty Zamora pide a los miembros de su directiva, mantenerse unidos y trabajar ante las adversidades. Asimismo, solicita a CNEL el arreglo de los postes deteriorados en el sector para evitar mayores inconvenientes. <\/p>\n","protected":false},"excerpt":{"rendered":"<p>El barrio San Valent\u00edn se fund\u00f3 el 10 de septiembre del 2004, con aproximadamente 15 a 20 familias, en la actualidad es habitado por m\u00e1s de 30 familias.<\/p>\n","protected":false},"author":1,"featured_media":9707,"comment_status":"open","ping_status":"open","sticky":false,"template":"","format":"standard","meta":{"footnotes":""},"categories":[16,1],"tags":[87],"class_list":["post-9639","post","type-post","status-publish","format-standard","has-post-thumbnail","hentry","category-cronica","category-uncategorized","tag-el-mercurio-en-los-barrios"],"_links":{"self":[{"href":"https:\/\/elmercuriomanta.ec\/index.php\/wp-json\/wp\/v2\/posts\/9639","targetHints":{"allow":["GET"]}}],"collection":[{"href":"https:\/\/elmercuriomanta.ec\/index.php\/wp-json\/wp\/v2\/posts"}],"about":[{"href":"https:\/\/elmercuriomanta.ec\/index.php\/wp-json\/wp\/v2\/types\/post"}],"author":[{"embeddable":true,"href":"https:\/\/elmercuriomanta.ec\/index.php\/wp-json\/wp\/v2\/users\/1"}],"replies":[{"embeddable":true,"href":"https:\/\/elmercuriomanta.ec\/index.php\/wp-json\/wp\/v2\/comments?post=9639"}],"version-history":[{"count":4,"href":"https:\/\/elmercuriomanta.ec\/index.php\/wp-json\/wp\/v2\/posts\/9639\/revisions"}],"predecessor-version":[{"id":9712,"href":"https:\/\/elmercuriomanta.ec\/index.php\/wp-json\/wp\/v2\/posts\/9639\/revisions\/9712"}],"wp:featuredmedia":[{"embeddable":true,"href":"https:\/\/elmercuriomanta.ec\/index.php\/wp-json\/wp\/v2\/media\/9707"}],"wp:attachment":[{"href":"https:\/\/elmercuriomanta.ec\/index.php\/wp-json\/wp\/v2\/media?parent=9639"}],"wp:term":[{"taxonomy":"category","embeddable":true,"href":"https:\/\/elmercuriomanta.ec\/index.php\/wp-json\/wp\/v2\/categories?post=9639"},{"taxonomy":"post_tag","embeddable":true,"href":"https:\/\/elmercuriomanta.ec\/index.php\/wp-json\/wp\/v2\/tags?post=9639"}],"curies":[{"name":"wp","href":"https:\/\/api.w.org\/{rel}","templated":true}]}}