{"id":9534,"date":"2023-11-19T10:43:26","date_gmt":"2023-11-19T15:43:26","guid":{"rendered":"https:\/\/elmercuriomanta.ec\/?p=9534"},"modified":"2023-11-19T10:43:29","modified_gmt":"2023-11-19T15:43:29","slug":"la-alcaldesa-de-san-lorenzo-fallecio-en-guayaquil","status":"publish","type":"post","link":"https:\/\/elmercuriomanta.ec\/index.php\/2023\/11\/19\/la-alcaldesa-de-san-lorenzo-fallecio-en-guayaquil\/","title":{"rendered":"La Alcaldesa de San Lorenzo falleci\u00f3 en Guayaquil"},"content":{"rendered":"\n<figure class=\"wp-block-image aligncenter size-full is-resized\"><img fetchpriority=\"high\" decoding=\"async\" width=\"276\" height=\"183\" src=\"https:\/\/elmercuriomanta.ec\/wp-content\/uploads\/2023\/11\/image-291.png\" alt=\"\" class=\"wp-image-9535\" style=\"width:377px;height:auto\"\/><\/figure>\n\n\n\n<p>Adis Solis, alcaldesa del cant\u00f3n San Lorenzo, en la provincia de Esmeraldas, muri\u00f3 este 18 de noviembre de 2023, seg\u00fan confirm\u00f3 el secretario de la Revoluci\u00f3n Ciudadana, Andr\u00e9s Arauz. Esa organizaci\u00f3n pol\u00edtica le respald\u00f3 para llegar al cargo en febrero de 2023. Seg\u00fan confirm\u00f3 el mismo Arauz y medios de comunicaci\u00f3n locales, la alcaldesa estaba delicada de salud y habr\u00eda fallecido en la ciudad de Guayaquil. Quienes conforman el Gobierno Aut\u00f3nomo Descentralizado tambi\u00e9n expres\u00f3 su pesar por la pronta partida de la autoridad.<\/p>\n\n\n\n<p>\u201cNos unimos al dolor que embarga este infausto acontecimiento que enluta a todo el cant\u00f3n\u201d, se lee en la nota de pesar. Gustavo Samaniego Ochoa es el vicealcalde y estaba desempe\u00f1\u00e1ndose como alcalde encargado, durante la ausencia de la alcaldesa, se espera que asuma el cargo de manera permanente. San Lorenzo es uno de los cantones m\u00e1s peligrosos del pa\u00eds. Se encuentra en la frontera con Colombia, permeable a grupos irregulares.<\/p>\n","protected":false},"excerpt":{"rendered":"<p>Adis Solis, alcaldesa del cant\u00f3n San Lorenzo, en la provincia de Esmeraldas, muri\u00f3 este 18 de noviembre de 2023, seg\u00fan confirm\u00f3 el secretario de la Revoluci\u00f3n Ciudadana, Andr\u00e9s Arauz. Esa organizaci\u00f3n pol\u00edtica le respald\u00f3 para llegar al cargo en febrero de 2023. Seg\u00fan confirm\u00f3 el mismo Arauz y medios de comunicaci\u00f3n locales, la alcaldesa estaba delicada de salud y habr\u00eda fallecido en la ciudad de Guayaquil. Quienes conforman el Gobierno Aut\u00f3nomo Descentralizado tambi\u00e9n expres\u00f3 su pesar por la pronta partida de la autoridad.<\/p>\n","protected":false},"author":1,"featured_media":9535,"comment_status":"open","ping_status":"open","sticky":false,"template":"","format":"standard","meta":{"footnotes":""},"categories":[1],"tags":[23],"class_list":["post-9534","post","type-post","status-publish","format-standard","has-post-thumbnail","hentry","category-uncategorized","tag-ecuador"],"_links":{"self":[{"href":"https:\/\/elmercuriomanta.ec\/index.php\/wp-json\/wp\/v2\/posts\/9534","targetHints":{"allow":["GET"]}}],"collection":[{"href":"https:\/\/elmercuriomanta.ec\/index.php\/wp-json\/wp\/v2\/posts"}],"about":[{"href":"https:\/\/elmercuriomanta.ec\/index.php\/wp-json\/wp\/v2\/types\/post"}],"author":[{"embeddable":true,"href":"https:\/\/elmercuriomanta.ec\/index.php\/wp-json\/wp\/v2\/users\/1"}],"replies":[{"embeddable":true,"href":"https:\/\/elmercuriomanta.ec\/index.php\/wp-json\/wp\/v2\/comments?post=9534"}],"version-history":[{"count":1,"href":"https:\/\/elmercuriomanta.ec\/index.php\/wp-json\/wp\/v2\/posts\/9534\/revisions"}],"predecessor-version":[{"id":9536,"href":"https:\/\/elmercuriomanta.ec\/index.php\/wp-json\/wp\/v2\/posts\/9534\/revisions\/9536"}],"wp:featuredmedia":[{"embeddable":true,"href":"https:\/\/elmercuriomanta.ec\/index.php\/wp-json\/wp\/v2\/media\/9535"}],"wp:attachment":[{"href":"https:\/\/elmercuriomanta.ec\/index.php\/wp-json\/wp\/v2\/media?parent=9534"}],"wp:term":[{"taxonomy":"category","embeddable":true,"href":"https:\/\/elmercuriomanta.ec\/index.php\/wp-json\/wp\/v2\/categories?post=9534"},{"taxonomy":"post_tag","embeddable":true,"href":"https:\/\/elmercuriomanta.ec\/index.php\/wp-json\/wp\/v2\/tags?post=9534"}],"curies":[{"name":"wp","href":"https:\/\/api.w.org\/{rel}","templated":true}]}}