{"id":9454,"date":"2023-11-18T12:40:38","date_gmt":"2023-11-18T17:40:38","guid":{"rendered":"https:\/\/elmercuriomanta.ec\/?p=9454"},"modified":"2023-11-18T12:40:41","modified_gmt":"2023-11-18T17:40:41","slug":"marcela-aguinaga-no-asistira-a-convencion-de-la-revolucion-ciudadana","status":"publish","type":"post","link":"https:\/\/elmercuriomanta.ec\/index.php\/2023\/11\/18\/marcela-aguinaga-no-asistira-a-convencion-de-la-revolucion-ciudadana\/","title":{"rendered":"Marcela Agui\u00f1aga no asistir\u00e1 a Convenci\u00f3n de la Revoluci\u00f3n Ciudadana"},"content":{"rendered":"\n<figure class=\"wp-block-image aligncenter size-full is-resized\"><img fetchpriority=\"high\" decoding=\"async\" width=\"290\" height=\"174\" src=\"https:\/\/elmercuriomanta.ec\/wp-content\/uploads\/2023\/11\/image-271.png\" alt=\"\" class=\"wp-image-9455\" style=\"width:321px;height:auto\"\/><\/figure>\n\n\n\n<p>Este s\u00e1bado a las 10:00, tiene lugar en Santo Domingo de los Ts\u00e1chilas la convenci\u00f3n nacional del Movimiento Revoluci\u00f3n Ciudadana, donde se decidir\u00e1 qui\u00e9n se posesionar\u00e1 como presidente de la organizaci\u00f3n pol\u00edtica tras la renuncia a este cargo por parte de Marcela Agui\u00f1aga, actual prefecta del Guayas. A la misma hora, Agui\u00f1aga cit\u00f3 a los medios de comunicaci\u00f3n en una universidad de Guayaquil para el lanzamiento de un programa educativo de la Prefectura, con lo cual deja claro que no asistir\u00e1 a la convocatoria corre\u00edsta.<\/p>\n\n\n\n<p>Se refiri\u00f3 sobre esto en un v\u00eddeo publicado en su cuenta de X (Twitter). \u201cMedios de comunicaci\u00f3n y redes sociales han planteado teor\u00edas respecto de mi postura pol\u00edtica (&#8230;) aseguran que estoy buscando un nuevo proyecto\u201d, dijo. Sin embargo, aclar\u00f3 que ese nuevo proyecto es el inicio del plan de Bachillerato Acelerado, con el que espera beneficiar a 1 000 ciudadanos del Guayas para que completen sus estudios secundarios. Luisa Gonz\u00e1lez ocupar\u00eda la presidencia de la Revoluci\u00f3n Ciudadana.<\/p>\n","protected":false},"excerpt":{"rendered":"<p>Este s\u00e1bado a las 10:00, tiene lugar en Santo Domingo de los Ts\u00e1chilas la convenci\u00f3n nacional del Movimiento Revoluci\u00f3n Ciudadana, donde se decidir\u00e1 qui\u00e9n se posesionar\u00e1 como presidente de la organizaci\u00f3n pol\u00edtica tras la renuncia a este cargo por parte de Marcela Agui\u00f1aga, actual prefecta del Guayas. A la misma hora, Agui\u00f1aga cit\u00f3 a los medios de comunicaci\u00f3n en una universidad de Guayaquil para el lanzamiento de un programa educativo de la Prefectura, con lo cual deja claro que no asistir\u00e1 a la convocatoria corre\u00edsta.<\/p>\n","protected":false},"author":1,"featured_media":9455,"comment_status":"open","ping_status":"open","sticky":false,"template":"","format":"standard","meta":{"footnotes":""},"categories":[1],"tags":[22],"class_list":["post-9454","post","type-post","status-publish","format-standard","has-post-thumbnail","hentry","category-uncategorized","tag-politica"],"_links":{"self":[{"href":"https:\/\/elmercuriomanta.ec\/index.php\/wp-json\/wp\/v2\/posts\/9454","targetHints":{"allow":["GET"]}}],"collection":[{"href":"https:\/\/elmercuriomanta.ec\/index.php\/wp-json\/wp\/v2\/posts"}],"about":[{"href":"https:\/\/elmercuriomanta.ec\/index.php\/wp-json\/wp\/v2\/types\/post"}],"author":[{"embeddable":true,"href":"https:\/\/elmercuriomanta.ec\/index.php\/wp-json\/wp\/v2\/users\/1"}],"replies":[{"embeddable":true,"href":"https:\/\/elmercuriomanta.ec\/index.php\/wp-json\/wp\/v2\/comments?post=9454"}],"version-history":[{"count":1,"href":"https:\/\/elmercuriomanta.ec\/index.php\/wp-json\/wp\/v2\/posts\/9454\/revisions"}],"predecessor-version":[{"id":9456,"href":"https:\/\/elmercuriomanta.ec\/index.php\/wp-json\/wp\/v2\/posts\/9454\/revisions\/9456"}],"wp:featuredmedia":[{"embeddable":true,"href":"https:\/\/elmercuriomanta.ec\/index.php\/wp-json\/wp\/v2\/media\/9455"}],"wp:attachment":[{"href":"https:\/\/elmercuriomanta.ec\/index.php\/wp-json\/wp\/v2\/media?parent=9454"}],"wp:term":[{"taxonomy":"category","embeddable":true,"href":"https:\/\/elmercuriomanta.ec\/index.php\/wp-json\/wp\/v2\/categories?post=9454"},{"taxonomy":"post_tag","embeddable":true,"href":"https:\/\/elmercuriomanta.ec\/index.php\/wp-json\/wp\/v2\/tags?post=9454"}],"curies":[{"name":"wp","href":"https:\/\/api.w.org\/{rel}","templated":true}]}}