{"id":945,"date":"2023-06-14T20:05:13","date_gmt":"2023-06-14T20:05:13","guid":{"rendered":"https:\/\/elmercuriomanta.ec\/?p=945"},"modified":"2023-06-14T20:05:40","modified_gmt":"2023-06-14T20:05:40","slug":"perfil-presidencial-daniel-noboa","status":"publish","type":"post","link":"https:\/\/elmercuriomanta.ec\/index.php\/2023\/06\/14\/perfil-presidencial-daniel-noboa\/","title":{"rendered":"Perfil presidencial: DANIEL NOBOA"},"content":{"rendered":"\n<figure class=\"wp-block-image aligncenter size-full\"><img fetchpriority=\"high\" decoding=\"async\" width=\"399\" height=\"400\" src=\"https:\/\/elmercuriomanta.ec\/wp-content\/uploads\/2023\/06\/image-55.png\" alt=\"\" class=\"wp-image-946\" srcset=\"https:\/\/elmercuriomanta.ec\/wp-content\/uploads\/2023\/06\/image-55.png 399w, https:\/\/elmercuriomanta.ec\/wp-content\/uploads\/2023\/06\/image-55-300x300.png 300w, https:\/\/elmercuriomanta.ec\/wp-content\/uploads\/2023\/06\/image-55-150x150.png 150w\" sizes=\"(max-width: 399px) 100vw, 399px\" \/><\/figure>\n\n\n\n<p><strong>Biograf\u00eda<\/strong><\/p>\n\n\n\n<p>Daniel Roy-Gilchrist Noboa Azin\u00a0naci\u00f3 en la ciudad de Guayaquil el 30 de noviembre de 1987. Daniel Noboa es hijo del empresario \u00c1lvaro Noboa y de la doctora Annabella Azin. <\/p>\n\n\n\n<p>A los 18 a\u00f1os fund\u00f3 su propia empresa, DNA Entertainment Group, dedicada a la organizaci\u00f3n de eventos. Adem\u00e1s es administrador de negocios, pol\u00edtico y empresario ecuatoriano relacionado al sector bananero.\u00a0<\/p>\n\n\n\n<p>Ingres\u00f3 a la Corporaci\u00f3n Noboa, lugar en el que ocup\u00f3 el cargo de director Naviero.\u200b Tambi\u00e9n fue director comercial y de log\u00edstica, entre 2010 hasta junio de 2018.<\/p>\n\n\n\n<figure class=\"wp-block-embed is-type-rich is-provider-twitter wp-block-embed-twitter\"><div class=\"wp-block-embed__wrapper\">\n<blockquote class=\"twitter-tweet\" data-width=\"550\" data-dnt=\"true\"><p lang=\"es\" dir=\"ltr\">Ecuador necesita cambiar la manera de dirigir este pa\u00eds. De afrontar los retos que dificultan el crecimiento y la seguridad de los ciudadanos.<br><br>Ecuador grita por un cambio de mentalidad. Por la convicci\u00f3n de que se pueden hacer las cosas mejor.<br><br>Si nos unimos lo lograremos.\u2026 <a href=\"https:\/\/t.co\/GHgpArmhMx\">pic.twitter.com\/GHgpArmhMx<\/a><\/p>&mdash; Daniel Noboa Azin (@DanielNoboaOk) <a href=\"https:\/\/twitter.com\/DanielNoboaOk\/status\/1661527000236847110?ref_src=twsrc%5Etfw\">May 25, 2023<\/a><\/blockquote><script async src=\"https:\/\/platform.twitter.com\/widgets.js\" charset=\"utf-8\"><\/script>\n<\/div><\/figure>\n\n\n\n<p><strong>Educaci\u00f3n<\/strong><\/p>\n\n\n\n<p>Realiz\u00f3 estudios en la Escuela de Negocios Stern de la Universidad de Nueva York, obtuvo el t\u00edtulo en Administraci\u00f3n de Negocios, en el a\u00f1o 2010.\u200b<\/p>\n\n\n\n<p>Obtuvo la maestr\u00eda en Administraci\u00f3n de Negocios (2019) por la Kellogg School of Management. Luego, consigui\u00f3 la maestr\u00eda en Administraci\u00f3n P\u00fablica (2020) en la Universidad de Harvard. Posteriormente, en 2022, obtuvo una maestr\u00eda en Comunicaci\u00f3n Pol\u00edtica y Gobernanza Estrat\u00e9gica en la Univesidad George Washington.<\/p>\n\n\n\n<p><strong>\u200bPol\u00edtico<\/strong><\/p>\n\n\n\n<p>En el a\u00f1o 2021 fue electo Asamble\u00edsta por la provincia de Santa Elena de la mano del desaparecido movimiento pol\u00edtico\u00a0Ecuatoriano Unido.\u200b <\/p>\n\n\n\n<p>En mayo de ese mismo a\u00f1o, en la Asamblea asumi\u00f3 la presidencia de la Comisi\u00f3n de Desarrollo Econ\u00f3mico, Productivo y la Microempresa.<\/p>\n\n\n\n<p>Noboa fue el primer candidato en inscribir su candidatura presidencial en el Consejo Nacional Electoral respaldado por la alianza de los movimientos Pueblo, Igualdad y Democracia (PID) lista 4 y Mover lista 35 (antes Alianza PAIS).<\/p>\n\n\n\n<figure class=\"wp-block-image aligncenter size-large\"><img decoding=\"async\" width=\"728\" height=\"1024\" src=\"https:\/\/elmercuriomanta.ec\/wp-content\/uploads\/2023\/06\/image-56-728x1024.png\" alt=\"\" class=\"wp-image-960\" srcset=\"https:\/\/elmercuriomanta.ec\/wp-content\/uploads\/2023\/06\/image-56-728x1024.png 728w, https:\/\/elmercuriomanta.ec\/wp-content\/uploads\/2023\/06\/image-56-213x300.png 213w, https:\/\/elmercuriomanta.ec\/wp-content\/uploads\/2023\/06\/image-56-768x1080.png 768w, https:\/\/elmercuriomanta.ec\/wp-content\/uploads\/2023\/06\/image-56.png 875w\" sizes=\"(max-width: 728px) 100vw, 728px\" \/><\/figure>\n","protected":false},"excerpt":{"rendered":"<p>Biograf\u00eda Daniel Roy-Gilchrist Noboa Azin\u00a0naci\u00f3 en la ciudad de Guayaquil el 30 de noviembre de 1987. Daniel Noboa es hijo del empresario \u00c1lvaro Noboa y de la doctora Annabella Azin. A los 18 a\u00f1os fund\u00f3 su propia empresa, DNA Entertainment Group, dedicada a la organizaci\u00f3n de eventos. Adem\u00e1s es administrador de negocios, pol\u00edtico y empresario [&hellip;]<\/p>\n","protected":false},"author":12,"featured_media":946,"comment_status":"open","ping_status":"open","sticky":false,"template":"","format":"standard","meta":{"footnotes":""},"categories":[54,1],"tags":[],"class_list":["post-945","post","type-post","status-publish","format-standard","has-post-thumbnail","hentry","category-politica","category-uncategorized"],"_links":{"self":[{"href":"https:\/\/elmercuriomanta.ec\/index.php\/wp-json\/wp\/v2\/posts\/945","targetHints":{"allow":["GET"]}}],"collection":[{"href":"https:\/\/elmercuriomanta.ec\/index.php\/wp-json\/wp\/v2\/posts"}],"about":[{"href":"https:\/\/elmercuriomanta.ec\/index.php\/wp-json\/wp\/v2\/types\/post"}],"author":[{"embeddable":true,"href":"https:\/\/elmercuriomanta.ec\/index.php\/wp-json\/wp\/v2\/users\/12"}],"replies":[{"embeddable":true,"href":"https:\/\/elmercuriomanta.ec\/index.php\/wp-json\/wp\/v2\/comments?post=945"}],"version-history":[{"count":0,"href":"https:\/\/elmercuriomanta.ec\/index.php\/wp-json\/wp\/v2\/posts\/945\/revisions"}],"wp:featuredmedia":[{"embeddable":true,"href":"https:\/\/elmercuriomanta.ec\/index.php\/wp-json\/wp\/v2\/media\/946"}],"wp:attachment":[{"href":"https:\/\/elmercuriomanta.ec\/index.php\/wp-json\/wp\/v2\/media?parent=945"}],"wp:term":[{"taxonomy":"category","embeddable":true,"href":"https:\/\/elmercuriomanta.ec\/index.php\/wp-json\/wp\/v2\/categories?post=945"},{"taxonomy":"post_tag","embeddable":true,"href":"https:\/\/elmercuriomanta.ec\/index.php\/wp-json\/wp\/v2\/tags?post=945"}],"curies":[{"name":"wp","href":"https:\/\/api.w.org\/{rel}","templated":true}]}}