{"id":9280,"date":"2023-11-14T15:55:55","date_gmt":"2023-11-14T20:55:55","guid":{"rendered":"https:\/\/elmercuriomanta.ec\/?p=9280"},"modified":"2023-11-14T15:55:57","modified_gmt":"2023-11-14T20:55:57","slug":"miller-bolanos-y-br-yan-angulo-no-seguiran-en-emelec","status":"publish","type":"post","link":"https:\/\/elmercuriomanta.ec\/index.php\/2023\/11\/14\/miller-bolanos-y-br-yan-angulo-no-seguiran-en-emelec\/","title":{"rendered":"Miller Bola\u00f1os y Br yan Angulo no seguir\u00e1n en Emelec"},"content":{"rendered":"\n<figure class=\"wp-block-image size-large\"><img fetchpriority=\"high\" decoding=\"async\" width=\"1024\" height=\"574\" src=\"https:\/\/elmercuriomanta.ec\/wp-content\/uploads\/2023\/11\/bolanos-angulo-1024x574.jpg\" alt=\"\" class=\"wp-image-9281\" srcset=\"https:\/\/elmercuriomanta.ec\/wp-content\/uploads\/2023\/11\/bolanos-angulo-1024x574.jpg 1024w, https:\/\/elmercuriomanta.ec\/wp-content\/uploads\/2023\/11\/bolanos-angulo-300x168.jpg 300w, https:\/\/elmercuriomanta.ec\/wp-content\/uploads\/2023\/11\/bolanos-angulo-768x430.jpg 768w, https:\/\/elmercuriomanta.ec\/wp-content\/uploads\/2023\/11\/bolanos-angulo.jpg 1160w\" sizes=\"(max-width: 1024px) 100vw, 1024px\" \/><\/figure>\n\n\n\n<p>Miller Bola\u00f1os y Bryan Angulo no seguir\u00e1n en las filas de Emelec, as\u00ed lo dio a conocer el propio club guayaquile\u00f1o, luego de empatar 0-0 ante Barcelona SC, Ambos jugadores ven\u00edan acumulando actos de indisciplina, por lo que fueron ignorados en el Cl\u00e1sico del Astillero, siendo dos bajas sensibles en la carpa azul. El gerente deportivo, Xavier Ch\u00e9vez confirm\u00f3 la noticia ante los micr\u00f3fonos de \u2018El Canal del F\u00fatbol\u2019: \u201ces cuesti\u00f3n del representante de ellos ver en qu\u00e9 equipo los ubica\u201d. Adem\u00e1s, al t\u00e9rmino del partido, el director t\u00e9cnico Hern\u00e1n Torres dijo que el tema lo deb\u00eda resolver la administraci\u00f3n del club.<\/p>\n","protected":false},"excerpt":{"rendered":"<p>Miller Bola\u00f1os y Bryan Angulo no seguir\u00e1n en las filas de Emelec, as\u00ed lo dio a conocer el propio club guayaquile\u00f1o, luego de empatar 0-0 ante Barcelona SC, Ambos jugadores ven\u00edan acumulando actos de indisciplina, por lo que fueron ignorados en el Cl\u00e1sico del Astillero, siendo dos bajas sensibles en la carpa azul. El gerente [&hellip;]<\/p>\n","protected":false},"author":1,"featured_media":0,"comment_status":"open","ping_status":"open","sticky":false,"template":"","format":"standard","meta":{"footnotes":""},"categories":[9],"tags":[23],"class_list":["post-9280","post","type-post","status-publish","format-standard","hentry","category-deportes","tag-ecuador"],"_links":{"self":[{"href":"https:\/\/elmercuriomanta.ec\/index.php\/wp-json\/wp\/v2\/posts\/9280","targetHints":{"allow":["GET"]}}],"collection":[{"href":"https:\/\/elmercuriomanta.ec\/index.php\/wp-json\/wp\/v2\/posts"}],"about":[{"href":"https:\/\/elmercuriomanta.ec\/index.php\/wp-json\/wp\/v2\/types\/post"}],"author":[{"embeddable":true,"href":"https:\/\/elmercuriomanta.ec\/index.php\/wp-json\/wp\/v2\/users\/1"}],"replies":[{"embeddable":true,"href":"https:\/\/elmercuriomanta.ec\/index.php\/wp-json\/wp\/v2\/comments?post=9280"}],"version-history":[{"count":1,"href":"https:\/\/elmercuriomanta.ec\/index.php\/wp-json\/wp\/v2\/posts\/9280\/revisions"}],"predecessor-version":[{"id":9282,"href":"https:\/\/elmercuriomanta.ec\/index.php\/wp-json\/wp\/v2\/posts\/9280\/revisions\/9282"}],"wp:attachment":[{"href":"https:\/\/elmercuriomanta.ec\/index.php\/wp-json\/wp\/v2\/media?parent=9280"}],"wp:term":[{"taxonomy":"category","embeddable":true,"href":"https:\/\/elmercuriomanta.ec\/index.php\/wp-json\/wp\/v2\/categories?post=9280"},{"taxonomy":"post_tag","embeddable":true,"href":"https:\/\/elmercuriomanta.ec\/index.php\/wp-json\/wp\/v2\/tags?post=9280"}],"curies":[{"name":"wp","href":"https:\/\/api.w.org\/{rel}","templated":true}]}}