{"id":9216,"date":"2023-11-13T16:24:40","date_gmt":"2023-11-13T21:24:40","guid":{"rendered":"https:\/\/elmercuriomanta.ec\/?p=9216"},"modified":"2023-11-13T16:24:43","modified_gmt":"2023-11-13T21:24:43","slug":"playa-prieta-nueva-subestacion-en-el-canton-portoviejo-entra-a-operatividad","status":"publish","type":"post","link":"https:\/\/elmercuriomanta.ec\/index.php\/2023\/11\/13\/playa-prieta-nueva-subestacion-en-el-canton-portoviejo-entra-a-operatividad\/","title":{"rendered":"Playa Prieta nueva subestaci\u00f3n en el cant\u00f3n Portoviejo entra a operatividad"},"content":{"rendered":"\n<div class=\"wp-block-columns is-layout-flex wp-container-core-columns-is-layout-28f84493 wp-block-columns-is-layout-flex\">\n<div class=\"wp-block-column is-layout-flow wp-block-column-is-layout-flow\">\n<figure class=\"wp-block-image size-large is-resized\"><img fetchpriority=\"high\" decoding=\"async\" width=\"1024\" height=\"461\" src=\"https:\/\/elmercuriomanta.ec\/wp-content\/uploads\/2023\/11\/elec-1024x461.jpg\" alt=\"\" class=\"wp-image-9217\" style=\"width:415px;height:auto\" srcset=\"https:\/\/elmercuriomanta.ec\/wp-content\/uploads\/2023\/11\/elec-1024x461.jpg 1024w, https:\/\/elmercuriomanta.ec\/wp-content\/uploads\/2023\/11\/elec-300x135.jpg 300w, https:\/\/elmercuriomanta.ec\/wp-content\/uploads\/2023\/11\/elec-768x346.jpg 768w, https:\/\/elmercuriomanta.ec\/wp-content\/uploads\/2023\/11\/elec-1536x691.jpg 1536w, https:\/\/elmercuriomanta.ec\/wp-content\/uploads\/2023\/11\/elec.jpg 1600w\" sizes=\"(max-width: 1024px) 100vw, 1024px\" \/><\/figure>\n<\/div>\n\n\n\n<div class=\"wp-block-column is-layout-flow wp-block-column-is-layout-flow\">\n<figure class=\"wp-block-image size-large is-resized\"><img decoding=\"async\" width=\"1024\" height=\"559\" src=\"https:\/\/elmercuriomanta.ec\/wp-content\/uploads\/2023\/11\/elec1-1024x559.jpg\" alt=\"\" class=\"wp-image-9218\" style=\"width:343px;height:auto\" srcset=\"https:\/\/elmercuriomanta.ec\/wp-content\/uploads\/2023\/11\/elec1-1024x559.jpg 1024w, https:\/\/elmercuriomanta.ec\/wp-content\/uploads\/2023\/11\/elec1-300x164.jpg 300w, https:\/\/elmercuriomanta.ec\/wp-content\/uploads\/2023\/11\/elec1-768x420.jpg 768w, https:\/\/elmercuriomanta.ec\/wp-content\/uploads\/2023\/11\/elec1.jpg 1080w\" sizes=\"(max-width: 1024px) 100vw, 1024px\" \/><\/figure>\n<\/div>\n<\/div>\n\n\n\n<p>La Corporaci\u00f3n Nacional de Electricidad, -CNEL EP- Unidad de Negocio Manab\u00ed, puso en servicio la subestaci\u00f3n el\u00e9ctrica Playa Prieta, la misma que fortalece la continuidad y estabilidad del servicio para m\u00e1s 65.000 habitantes de Riochico, Pueblo Nuevo, Calder\u00f3n, Alhajuela, Chirijo, San Placido de Portoviejo y San Sebasti\u00e1n del cant\u00f3n Pichincha.<br>La inversi\u00f3n de esta obra es de USD $ 2.770.625,34, y consisti\u00f3 en la instalaci\u00f3n de un nuevo transformador de 16\/20 MVA, un cuarto de control de monitoreo integrada al sistema SCADA, instalaci\u00f3n de 2 p\u00f3rticos y materiales el\u00e9ctricos de \u00faltima tecnolog\u00eda. Adem\u00e1s, se ampli\u00f3 el \u00e1rea de la subestaci\u00f3n de 5.000 metros cuadrados y salidas de 4 alimentados nuevos, redes que distribuir\u00e1n energ\u00eda para promover el desarrollo el\u00e9ctrico de la zona, en los pr\u00f3ximos 30 a\u00f1os.<\/p>\n\n\n\n<div class=\"wp-block-columns is-layout-flex wp-container-core-columns-is-layout-28f84493 wp-block-columns-is-layout-flex\">\n<div class=\"wp-block-column is-layout-flow wp-block-column-is-layout-flow\">\n<figure class=\"wp-block-image size-large\"><img decoding=\"async\" width=\"1024\" height=\"576\" src=\"https:\/\/elmercuriomanta.ec\/wp-content\/uploads\/2023\/11\/elec2-1024x576.jpg\" alt=\"\" class=\"wp-image-9219\" srcset=\"https:\/\/elmercuriomanta.ec\/wp-content\/uploads\/2023\/11\/elec2-1024x576.jpg 1024w, https:\/\/elmercuriomanta.ec\/wp-content\/uploads\/2023\/11\/elec2-300x169.jpg 300w, https:\/\/elmercuriomanta.ec\/wp-content\/uploads\/2023\/11\/elec2-768x432.jpg 768w, https:\/\/elmercuriomanta.ec\/wp-content\/uploads\/2023\/11\/elec2.jpg 1280w\" sizes=\"(max-width: 1024px) 100vw, 1024px\" \/><\/figure>\n<\/div>\n\n\n\n<div class=\"wp-block-column is-layout-flow wp-block-column-is-layout-flow\">\n<figure class=\"wp-block-image size-large\"><img loading=\"lazy\" decoding=\"async\" width=\"1024\" height=\"576\" src=\"https:\/\/elmercuriomanta.ec\/wp-content\/uploads\/2023\/11\/elec3-1024x576.jpg\" alt=\"\" class=\"wp-image-9220\" srcset=\"https:\/\/elmercuriomanta.ec\/wp-content\/uploads\/2023\/11\/elec3-1024x576.jpg 1024w, https:\/\/elmercuriomanta.ec\/wp-content\/uploads\/2023\/11\/elec3-300x169.jpg 300w, https:\/\/elmercuriomanta.ec\/wp-content\/uploads\/2023\/11\/elec3-768x432.jpg 768w, https:\/\/elmercuriomanta.ec\/wp-content\/uploads\/2023\/11\/elec3.jpg 1280w\" sizes=\"(max-width: 1024px) 100vw, 1024px\" \/><\/figure>\n<\/div>\n<\/div>\n\n\n\n<p><br>\u201cEstoy con mi coraz\u00f3n lleno de gratitud por que hoy, hemos visto con mucha alegr\u00eda el compromiso de CNEL que favorece con la electrificaci\u00f3n a todos los sectores de la provincia y en especial a la zona rural, hoy somos testigos del mejoramiento del servicio, con la construcci\u00f3n de esta nueva subestaci\u00f3n que contribuye a impulsar el progreso de nuestras actividades agr\u00edcolas y ganaderas\u201d, manifest\u00f3 Patricio Cobe\u00f1a, habitante de la comunidad San Gabriel.<br>Marcelo Su\u00e1rez, Gerente General de CNEL EP, se\u00f1al\u00f3 que \u201c obras como la subestaci\u00f3n Playa Prieta son vitales para la creaci\u00f3n de oportunidades y desarrollo productivo de las comunidades y son un legado sostenible para el bienestar de las familias manabitas\u201d. De su parte el Administrador de la Unidad de Negocio, Hugo Pico reiter\u00f3 que \u201cCNEL EP mantendr\u00e1 la ejecuci\u00f3n de obras de electrificaci\u00f3n que fomentan la expansi\u00f3n del sector energ\u00e9tico en bien de Manab\u00ed y del pa\u00eds\u201d.<br>Con la operatividad de Playa Prieta, la Corporaci\u00f3n Nacional de Electricidad tiene 31 subestaciones el\u00e9ctricas, con las que distribuye energ\u00eda, dentro del \u00e1rea concesi\u00f3n de la provincia de Manab\u00ed, con est\u00e1ndares confiables y apegados a los par\u00e1metros de cuidado ambiental.<\/p>\n","protected":false},"excerpt":{"rendered":"<p>La Corporaci\u00f3n Nacional de Electricidad, -CNEL EP- Unidad de Negocio Manab\u00ed, puso en servicio la subestaci\u00f3n el\u00e9ctrica Playa Prieta, la misma que fortalece la continuidad y estabilidad del servicio para m\u00e1s 65.000 habitantes de Riochico, Pueblo Nuevo, Calder\u00f3n, Alhajuela, Chirijo, San Placido de Portoviejo y San Sebasti\u00e1n del cant\u00f3n Pichincha.<\/p>\n","protected":false},"author":1,"featured_media":9220,"comment_status":"open","ping_status":"open","sticky":false,"template":"","format":"standard","meta":{"footnotes":""},"categories":[1],"tags":[23],"class_list":["post-9216","post","type-post","status-publish","format-standard","has-post-thumbnail","hentry","category-uncategorized","tag-ecuador"],"_links":{"self":[{"href":"https:\/\/elmercuriomanta.ec\/index.php\/wp-json\/wp\/v2\/posts\/9216","targetHints":{"allow":["GET"]}}],"collection":[{"href":"https:\/\/elmercuriomanta.ec\/index.php\/wp-json\/wp\/v2\/posts"}],"about":[{"href":"https:\/\/elmercuriomanta.ec\/index.php\/wp-json\/wp\/v2\/types\/post"}],"author":[{"embeddable":true,"href":"https:\/\/elmercuriomanta.ec\/index.php\/wp-json\/wp\/v2\/users\/1"}],"replies":[{"embeddable":true,"href":"https:\/\/elmercuriomanta.ec\/index.php\/wp-json\/wp\/v2\/comments?post=9216"}],"version-history":[{"count":1,"href":"https:\/\/elmercuriomanta.ec\/index.php\/wp-json\/wp\/v2\/posts\/9216\/revisions"}],"predecessor-version":[{"id":9221,"href":"https:\/\/elmercuriomanta.ec\/index.php\/wp-json\/wp\/v2\/posts\/9216\/revisions\/9221"}],"wp:featuredmedia":[{"embeddable":true,"href":"https:\/\/elmercuriomanta.ec\/index.php\/wp-json\/wp\/v2\/media\/9220"}],"wp:attachment":[{"href":"https:\/\/elmercuriomanta.ec\/index.php\/wp-json\/wp\/v2\/media?parent=9216"}],"wp:term":[{"taxonomy":"category","embeddable":true,"href":"https:\/\/elmercuriomanta.ec\/index.php\/wp-json\/wp\/v2\/categories?post=9216"},{"taxonomy":"post_tag","embeddable":true,"href":"https:\/\/elmercuriomanta.ec\/index.php\/wp-json\/wp\/v2\/tags?post=9216"}],"curies":[{"name":"wp","href":"https:\/\/api.w.org\/{rel}","templated":true}]}}