{"id":9112,"date":"2023-11-12T10:25:56","date_gmt":"2023-11-12T15:25:56","guid":{"rendered":"https:\/\/elmercuriomanta.ec\/?p=9112"},"modified":"2023-11-12T10:25:58","modified_gmt":"2023-11-12T15:25:58","slug":"en-la-playa-el-murcielago-de-manta-manabita-aseguro-que-tuvo-un-encuentro-con-un-ovni","status":"publish","type":"post","link":"https:\/\/elmercuriomanta.ec\/index.php\/2023\/11\/12\/en-la-playa-el-murcielago-de-manta-manabita-aseguro-que-tuvo-un-encuentro-con-un-ovni\/","title":{"rendered":"En la playa El Murci\u00e9lago de \u00a0Manta; manabita asegur\u00f3 que tuvo un encuentro con un ovni"},"content":{"rendered":"\n<figure class=\"wp-block-image aligncenter size-full is-resized\"><img fetchpriority=\"high\" decoding=\"async\" width=\"300\" height=\"168\" src=\"https:\/\/elmercuriomanta.ec\/wp-content\/uploads\/2023\/11\/image-203.png\" alt=\"\" class=\"wp-image-9113\" style=\"width:415px;height:auto\"\/><\/figure>\n\n\n\n<p>Alfredo Mac\u00edas buscaba objetos perdidos de los turistas entre la arena de la playa El Murci\u00e9lago, ubicada en Manta, provincia de Manab\u00ed. Toda su atenci\u00f3n la ten\u00eda puesta hacia el piso, hasta que apareci\u00f3 un supuesto objeto volador no identificado e interrumpi\u00f3 su concentraci\u00f3n. Mac\u00edas, de 37 a\u00f1os, quien reside en la periferia del cant\u00f3n manabita Jaramij\u00f3, avist\u00f3 una \u201cnave extraterrestre\u201d el domingo 14 de agosto de 2022, aproximadamente a las 06:10, que sobrevol\u00f3 lentamente cerca de la costa, sin hacer ruido y emiti\u00f3 destellos de luces color blanco.<\/p>\n\n\n\n<p>\u201cEl cielo estaba claro. Miraba al piso, pero sent\u00ed que algo grande pasaba por encima de m\u00ed porque su sombra se reflej\u00f3 en la arena. Cuando me vir\u00e9 no pod\u00eda creer lo que ve\u00eda, era una nave que ten\u00eda forma de un cigarro con ventanas, era de color gris y emit\u00eda luces\u2026 parec\u00eda un submarino\u201d, cont\u00f3. Esta escena no lo asust\u00f3. Al contrario, para no perderlo de vista, subi\u00f3 a una peque\u00f1a colina y vio que el objeto se desplaz\u00f3 lentamente hacia el horizonte en el mar mientras emit\u00eda destellos de luces, durante unos 15 minutos.<\/p>\n\n\n\n<p>\u201cEsa cosa sobrevol\u00f3 tan lento, pens\u00e9 que se detendr\u00eda y saldr\u00eda alguien. Lo que me llam\u00f3 la atenci\u00f3n es que las luces sal\u00edan desde las ventanas. Esa cosa se fue perdiendo entre el horizonte, pero a lo lejos pude ver que se meti\u00f3 al agua, la estaba viendo fijamente y despu\u00e9s se fue para abajo. No tengo dudas de que era un extraterrestre\u201d, asegur\u00f3<\/p>\n","protected":false},"excerpt":{"rendered":"<p>Alfredo Mac\u00edas buscaba objetos perdidos de los turistas entre la arena de la playa El Murci\u00e9lago, ubicada en Manta, provincia de Manab\u00ed. Toda su atenci\u00f3n la ten\u00eda puesta hacia el piso, hasta que apareci\u00f3 un supuesto objeto volador no identificado e interrumpi\u00f3 su concentraci\u00f3n. Mac\u00edas, de 37 a\u00f1os, quien reside en la periferia del cant\u00f3n manabita Jaramij\u00f3, avist\u00f3 una \u201cnave extraterrestre\u201d el domingo 14 de agosto de 2022, aproximadamente a las 06:10, que sobrevol\u00f3 lentamente cerca de la costa, sin hacer ruido y emiti\u00f3 destellos de luces color blanco.<\/p>\n","protected":false},"author":1,"featured_media":9113,"comment_status":"open","ping_status":"open","sticky":false,"template":"","format":"standard","meta":{"footnotes":""},"categories":[1],"tags":[38],"class_list":["post-9112","post","type-post","status-publish","format-standard","has-post-thumbnail","hentry","category-uncategorized","tag-manta"],"_links":{"self":[{"href":"https:\/\/elmercuriomanta.ec\/index.php\/wp-json\/wp\/v2\/posts\/9112","targetHints":{"allow":["GET"]}}],"collection":[{"href":"https:\/\/elmercuriomanta.ec\/index.php\/wp-json\/wp\/v2\/posts"}],"about":[{"href":"https:\/\/elmercuriomanta.ec\/index.php\/wp-json\/wp\/v2\/types\/post"}],"author":[{"embeddable":true,"href":"https:\/\/elmercuriomanta.ec\/index.php\/wp-json\/wp\/v2\/users\/1"}],"replies":[{"embeddable":true,"href":"https:\/\/elmercuriomanta.ec\/index.php\/wp-json\/wp\/v2\/comments?post=9112"}],"version-history":[{"count":1,"href":"https:\/\/elmercuriomanta.ec\/index.php\/wp-json\/wp\/v2\/posts\/9112\/revisions"}],"predecessor-version":[{"id":9114,"href":"https:\/\/elmercuriomanta.ec\/index.php\/wp-json\/wp\/v2\/posts\/9112\/revisions\/9114"}],"wp:featuredmedia":[{"embeddable":true,"href":"https:\/\/elmercuriomanta.ec\/index.php\/wp-json\/wp\/v2\/media\/9113"}],"wp:attachment":[{"href":"https:\/\/elmercuriomanta.ec\/index.php\/wp-json\/wp\/v2\/media?parent=9112"}],"wp:term":[{"taxonomy":"category","embeddable":true,"href":"https:\/\/elmercuriomanta.ec\/index.php\/wp-json\/wp\/v2\/categories?post=9112"},{"taxonomy":"post_tag","embeddable":true,"href":"https:\/\/elmercuriomanta.ec\/index.php\/wp-json\/wp\/v2\/tags?post=9112"}],"curies":[{"name":"wp","href":"https:\/\/api.w.org\/{rel}","templated":true}]}}