{"id":9093,"date":"2023-11-11T14:11:49","date_gmt":"2023-11-11T19:11:49","guid":{"rendered":"https:\/\/elmercuriomanta.ec\/?p=9093"},"modified":"2023-11-11T14:11:51","modified_gmt":"2023-11-11T19:11:51","slug":"se-habian-filtrado-formaciones-y-le-echaron-la-culpa","status":"publish","type":"post","link":"https:\/\/elmercuriomanta.ec\/index.php\/2023\/11\/11\/se-habian-filtrado-formaciones-y-le-echaron-la-culpa\/","title":{"rendered":"Se hab\u00edan filtrado formaciones y le echaron la culpa"},"content":{"rendered":"\n<figure class=\"wp-block-image aligncenter size-full is-resized\"><img fetchpriority=\"high\" decoding=\"async\" width=\"259\" height=\"194\" src=\"https:\/\/elmercuriomanta.ec\/wp-content\/uploads\/2023\/11\/image-196.png\" alt=\"\" class=\"wp-image-9094\" style=\"width:358px;height:auto\"\/><\/figure>\n\n\n\n<p>Ma\u00f1ana, el Club Sport Pedro Ortiz atraviesa un gran momento en su carrera. A pesar de que el Club Sport Emelec no ha tenido una buena temporada, el portero ecuatoriano es de los jugadores m\u00e1s destacados y su NO convocatoria a la selecci\u00f3n ecuatoriana en las \u00faltimas fechas FIFA ha sido un tema muy cuestionado. Jorge C\u00e9lico, ex entrenador de la selecci\u00f3n sub-20 del Ecuador y de algunos clubes en el pa\u00eds, se refiri\u00f3 a esta situaci\u00f3n. \u00abEs un pibe b\u00e1rbaro, una maravilla de chico. Lo tuve en la selecci\u00f3n, pudimos convivir, es un muy buen tipo.<\/p>\n\n\n\n<p>En ese momento se hablaba que se hab\u00edan filtrado formaciones y le echaron la culpa a \u00e9l, esa es la realidad. Yo estaba en la Federaci\u00f3n, no tengo por qu\u00e9 mentir\u00bb, expres\u00f3 en LA RADIO REDONDA. Finalmente, el DT a\u00f1adi\u00f3 que deber\u00eda ser llamado por F\u00e9lix S\u00e1nchez Bas: Me parece que ser\u00eda absolutamente injusto si no se lo convoca, como ha sido injusto no haberlo convocado antes, porque levant\u00f3 el nivel. Siempre fue un muy buen arquero, pero ratific\u00f3 todo eso en estos \u00faltimos tiempos, yo lo vi con actuaciones formidables.<\/p>\n","protected":false},"excerpt":{"rendered":"<p>Ma\u00f1ana, el Club Sport Pedro Ortiz atraviesa un gran momento en su carrera. A pesar de que el Club Sport Emelec no ha tenido una buena temporada, el portero ecuatoriano es de los jugadores m\u00e1s destacados y su NO convocatoria a la selecci\u00f3n ecuatoriana en las \u00faltimas fechas FIFA ha sido un tema muy cuestionado. Jorge C\u00e9lico, ex entrenador de la selecci\u00f3n sub-20 del Ecuador y de algunos clubes en el pa\u00eds, se refiri\u00f3 a esta situaci\u00f3n. \u00abEs un pibe b\u00e1rbaro, una maravilla de chico. Lo tuve en la selecci\u00f3n, pudimos convivir, es un muy buen tipo.<\/p>\n","protected":false},"author":1,"featured_media":9094,"comment_status":"open","ping_status":"open","sticky":false,"template":"","format":"standard","meta":{"footnotes":""},"categories":[9],"tags":[],"class_list":["post-9093","post","type-post","status-publish","format-standard","has-post-thumbnail","hentry","category-deportes"],"_links":{"self":[{"href":"https:\/\/elmercuriomanta.ec\/index.php\/wp-json\/wp\/v2\/posts\/9093","targetHints":{"allow":["GET"]}}],"collection":[{"href":"https:\/\/elmercuriomanta.ec\/index.php\/wp-json\/wp\/v2\/posts"}],"about":[{"href":"https:\/\/elmercuriomanta.ec\/index.php\/wp-json\/wp\/v2\/types\/post"}],"author":[{"embeddable":true,"href":"https:\/\/elmercuriomanta.ec\/index.php\/wp-json\/wp\/v2\/users\/1"}],"replies":[{"embeddable":true,"href":"https:\/\/elmercuriomanta.ec\/index.php\/wp-json\/wp\/v2\/comments?post=9093"}],"version-history":[{"count":1,"href":"https:\/\/elmercuriomanta.ec\/index.php\/wp-json\/wp\/v2\/posts\/9093\/revisions"}],"predecessor-version":[{"id":9095,"href":"https:\/\/elmercuriomanta.ec\/index.php\/wp-json\/wp\/v2\/posts\/9093\/revisions\/9095"}],"wp:featuredmedia":[{"embeddable":true,"href":"https:\/\/elmercuriomanta.ec\/index.php\/wp-json\/wp\/v2\/media\/9094"}],"wp:attachment":[{"href":"https:\/\/elmercuriomanta.ec\/index.php\/wp-json\/wp\/v2\/media?parent=9093"}],"wp:term":[{"taxonomy":"category","embeddable":true,"href":"https:\/\/elmercuriomanta.ec\/index.php\/wp-json\/wp\/v2\/categories?post=9093"},{"taxonomy":"post_tag","embeddable":true,"href":"https:\/\/elmercuriomanta.ec\/index.php\/wp-json\/wp\/v2\/tags?post=9093"}],"curies":[{"name":"wp","href":"https:\/\/api.w.org\/{rel}","templated":true}]}}