{"id":9069,"date":"2023-11-11T13:13:47","date_gmt":"2023-11-11T18:13:47","guid":{"rendered":"https:\/\/elmercuriomanta.ec\/?p=9069"},"modified":"2023-11-11T13:13:49","modified_gmt":"2023-11-11T18:13:49","slug":"el-repaso-de-sesion-inaugural-de-la-asamblea-sera-el-15-de-noviembre","status":"publish","type":"post","link":"https:\/\/elmercuriomanta.ec\/index.php\/2023\/11\/11\/el-repaso-de-sesion-inaugural-de-la-asamblea-sera-el-15-de-noviembre\/","title":{"rendered":"El repaso de Sesi\u00f3n Inaugural de la Asamblea ser\u00e1 el 15 de noviembre"},"content":{"rendered":"\n<figure class=\"wp-block-image aligncenter size-full is-resized\"><img fetchpriority=\"high\" decoding=\"async\" width=\"225\" height=\"225\" src=\"https:\/\/elmercuriomanta.ec\/wp-content\/uploads\/2023\/11\/image-188.png\" alt=\"\" class=\"wp-image-9070\" style=\"width:339px;height:auto\" srcset=\"https:\/\/elmercuriomanta.ec\/wp-content\/uploads\/2023\/11\/image-188.png 225w, https:\/\/elmercuriomanta.ec\/wp-content\/uploads\/2023\/11\/image-188-150x150.png 150w\" sizes=\"(max-width: 225px) 100vw, 225px\" \/><\/figure>\n\n\n\n<p>Pierina Correa dirigir\u00e1 la sesi\u00f3n inaugural de la asamblea; Patricio Carrillo, seg\u00fan la ley, ser\u00e1 el subdirector y Valentina Centeno ser\u00e1 la secretaria de la cita. Son los tres asamble\u00edstas m\u00e1s votados que deben presidir la jornada en la que el pleno se centrar\u00e1 en la elecci\u00f3n de las autoridades. Antes se realizar\u00e1 la selecci\u00f3n de cinco asamble\u00edstas que deber\u00e1n verificar las credenciales y constatar la identidad de los 137 legisladores para asumir el cargo.<\/p>\n\n\n\n<p>Es all\u00ed donde se podr\u00edan presentar inconvenientes, porque el corre\u00edsmo ha insistido en que Patricio Carrillo tiene prohibici\u00f3n de ser funcionario. Esto, por haber sido censurado cuando fue ministro del Interior. Siguientes pasos en la sesi\u00f3n inaugural Si eso se supera, entrar\u00e1n a la elecci\u00f3n de autoridades. La primera ser\u00e1 la del presidente del Legislativo. Cualquier asamble\u00edsta propondr\u00e1 un candidato y, si tiene los 70 votos, asume el cargo y la direcci\u00f3n, en ese instante, de la sesi\u00f3n.<\/p>\n","protected":false},"excerpt":{"rendered":"<p>Pierina Correa dirigir\u00e1 la sesi\u00f3n inaugural de la asamblea; Patricio Carrillo, seg\u00fan la ley, ser\u00e1 el subdirector y Valentina Centeno ser\u00e1 la secretaria de la cita. Son los tres asamble\u00edstas m\u00e1s votados que deben presidir la jornada en la que el pleno se centrar\u00e1 en la elecci\u00f3n de las autoridades. Antes se realizar\u00e1 la selecci\u00f3n de cinco asamble\u00edstas que deber\u00e1n verificar las credenciales y constatar la identidad de los 137 legisladores para asumir el cargo.<\/p>\n","protected":false},"author":1,"featured_media":9070,"comment_status":"open","ping_status":"open","sticky":false,"template":"","format":"standard","meta":{"footnotes":""},"categories":[1],"tags":[23],"class_list":["post-9069","post","type-post","status-publish","format-standard","has-post-thumbnail","hentry","category-uncategorized","tag-ecuador"],"_links":{"self":[{"href":"https:\/\/elmercuriomanta.ec\/index.php\/wp-json\/wp\/v2\/posts\/9069","targetHints":{"allow":["GET"]}}],"collection":[{"href":"https:\/\/elmercuriomanta.ec\/index.php\/wp-json\/wp\/v2\/posts"}],"about":[{"href":"https:\/\/elmercuriomanta.ec\/index.php\/wp-json\/wp\/v2\/types\/post"}],"author":[{"embeddable":true,"href":"https:\/\/elmercuriomanta.ec\/index.php\/wp-json\/wp\/v2\/users\/1"}],"replies":[{"embeddable":true,"href":"https:\/\/elmercuriomanta.ec\/index.php\/wp-json\/wp\/v2\/comments?post=9069"}],"version-history":[{"count":1,"href":"https:\/\/elmercuriomanta.ec\/index.php\/wp-json\/wp\/v2\/posts\/9069\/revisions"}],"predecessor-version":[{"id":9071,"href":"https:\/\/elmercuriomanta.ec\/index.php\/wp-json\/wp\/v2\/posts\/9069\/revisions\/9071"}],"wp:featuredmedia":[{"embeddable":true,"href":"https:\/\/elmercuriomanta.ec\/index.php\/wp-json\/wp\/v2\/media\/9070"}],"wp:attachment":[{"href":"https:\/\/elmercuriomanta.ec\/index.php\/wp-json\/wp\/v2\/media?parent=9069"}],"wp:term":[{"taxonomy":"category","embeddable":true,"href":"https:\/\/elmercuriomanta.ec\/index.php\/wp-json\/wp\/v2\/categories?post=9069"},{"taxonomy":"post_tag","embeddable":true,"href":"https:\/\/elmercuriomanta.ec\/index.php\/wp-json\/wp\/v2\/tags?post=9069"}],"curies":[{"name":"wp","href":"https:\/\/api.w.org\/{rel}","templated":true}]}}