{"id":8769,"date":"2023-11-06T18:05:36","date_gmt":"2023-11-06T23:05:36","guid":{"rendered":"https:\/\/elmercuriomanta.ec\/?p=8769"},"modified":"2023-11-06T18:05:38","modified_gmt":"2023-11-06T23:05:38","slug":"en-nombre-de-dios-cesad-el-fuego-pide-el-papa-francisco","status":"publish","type":"post","link":"https:\/\/elmercuriomanta.ec\/index.php\/2023\/11\/06\/en-nombre-de-dios-cesad-el-fuego-pide-el-papa-francisco\/","title":{"rendered":"\u201cEN NOMBRE DE DIOS, CESAD EL \u00a0FUEGO\u201d , \u00a0PIDE EL PAPA FRANCISCO"},"content":{"rendered":"\n<figure class=\"wp-block-image aligncenter size-full is-resized\"><img fetchpriority=\"high\" decoding=\"async\" width=\"290\" height=\"174\" src=\"https:\/\/elmercuriomanta.ec\/wp-content\/uploads\/2023\/11\/image-113.png\" alt=\"\" class=\"wp-image-8770\" style=\"aspect-ratio:1.6666666666666667;width:335px;height:auto\"\/><\/figure>\n\n\n\n<p>El papa Francisco habl\u00f3 nuevamente sobre la \u201cgrave situaci\u00f3n\u201d entre palestinos e israel\u00edes este domingo, 5 de noviembre. Durante el rezo del \u00c1ngelus en la plaza de San Pedro, ciudad del Vaticano, pidi\u00f3 \u201cen nombre de Dios\u201d un alto el fuego, y que se busquen todos los caminos posibles para que se evite una ampliaci\u00f3n del conflicto. El Papa pidi\u00f3 la liberaci\u00f3n de rehenes Francisco pidi\u00f3 el alto el fuego para \u201cque se pueda socorrer a los heridos y que la ayuda llegue a la poblaci\u00f3n de Gaza, donde la situaci\u00f3n humanitaria es desesperada\u201d.<\/p>\n\n\n\n<p>Tambi\u00e9n reiter\u00f3 su llamamiento para que sean liberados inmediatamente los rehenes que se encuentran en manos del grupo isl\u00e1mico palestino Ham\u00e1s, desde el ataque del 7 de octubre. \u201cEntre ellos hay muchos ni\u00f1os. Que vuelvan con sus familias\u201d, pidi\u00f3. El papa inst\u00f3 a pensar \u201cen todos los ni\u00f1os atrapados en esta guerra\u201d y en otras como la de Ucrania. \u201cAs\u00ed se est\u00e1 matando su futuro. Recemos para tener la fuerza de decir basta\u201d, agreg\u00f3.<\/p>\n","protected":false},"excerpt":{"rendered":"<p>El papa Francisco habl\u00f3 nuevamente sobre la \u201cgrave situaci\u00f3n\u201d entre palestinos e israel\u00edes este domingo, 5 de noviembre. Durante el rezo del \u00c1ngelus en la plaza de San Pedro, ciudad del Vaticano, pidi\u00f3 \u201cen nombre de Dios\u201d un alto el fuego, y que se busquen todos los caminos posibles para que se evite una ampliaci\u00f3n del conflicto. El Papa pidi\u00f3 la liberaci\u00f3n de rehenes Francisco pidi\u00f3 el alto el fuego para \u201cque se pueda socorrer a los heridos y que la ayuda llegue a la poblaci\u00f3n de Gaza, donde la situaci\u00f3n humanitaria es desesperada\u201d.<\/p>\n","protected":false},"author":1,"featured_media":8770,"comment_status":"open","ping_status":"open","sticky":false,"template":"","format":"standard","meta":{"footnotes":""},"categories":[19],"tags":[],"class_list":["post-8769","post","type-post","status-publish","format-standard","has-post-thumbnail","hentry","category-portada-1"],"_links":{"self":[{"href":"https:\/\/elmercuriomanta.ec\/index.php\/wp-json\/wp\/v2\/posts\/8769","targetHints":{"allow":["GET"]}}],"collection":[{"href":"https:\/\/elmercuriomanta.ec\/index.php\/wp-json\/wp\/v2\/posts"}],"about":[{"href":"https:\/\/elmercuriomanta.ec\/index.php\/wp-json\/wp\/v2\/types\/post"}],"author":[{"embeddable":true,"href":"https:\/\/elmercuriomanta.ec\/index.php\/wp-json\/wp\/v2\/users\/1"}],"replies":[{"embeddable":true,"href":"https:\/\/elmercuriomanta.ec\/index.php\/wp-json\/wp\/v2\/comments?post=8769"}],"version-history":[{"count":1,"href":"https:\/\/elmercuriomanta.ec\/index.php\/wp-json\/wp\/v2\/posts\/8769\/revisions"}],"predecessor-version":[{"id":8771,"href":"https:\/\/elmercuriomanta.ec\/index.php\/wp-json\/wp\/v2\/posts\/8769\/revisions\/8771"}],"wp:featuredmedia":[{"embeddable":true,"href":"https:\/\/elmercuriomanta.ec\/index.php\/wp-json\/wp\/v2\/media\/8770"}],"wp:attachment":[{"href":"https:\/\/elmercuriomanta.ec\/index.php\/wp-json\/wp\/v2\/media?parent=8769"}],"wp:term":[{"taxonomy":"category","embeddable":true,"href":"https:\/\/elmercuriomanta.ec\/index.php\/wp-json\/wp\/v2\/categories?post=8769"},{"taxonomy":"post_tag","embeddable":true,"href":"https:\/\/elmercuriomanta.ec\/index.php\/wp-json\/wp\/v2\/tags?post=8769"}],"curies":[{"name":"wp","href":"https:\/\/api.w.org\/{rel}","templated":true}]}}