{"id":8569,"date":"2023-11-03T12:08:14","date_gmt":"2023-11-03T17:08:14","guid":{"rendered":"https:\/\/elmercuriomanta.ec\/?p=8569"},"modified":"2023-11-03T12:08:16","modified_gmt":"2023-11-03T17:08:16","slug":"lo-hallan-decapitado-y-en-estado-de-descomposicion","status":"publish","type":"post","link":"https:\/\/elmercuriomanta.ec\/index.php\/2023\/11\/03\/lo-hallan-decapitado-y-en-estado-de-descomposicion\/","title":{"rendered":"Lo hallan decapitado y en estado de descomposici\u00f3n"},"content":{"rendered":"\n<figure class=\"wp-block-image aligncenter size-full is-resized\"><img fetchpriority=\"high\" decoding=\"async\" width=\"271\" height=\"186\" src=\"https:\/\/elmercuriomanta.ec\/wp-content\/uploads\/2023\/11\/image-59.png\" alt=\"\" class=\"wp-image-8570\" style=\"aspect-ratio:1.456989247311828;width:364px;height:auto\"\/><\/figure>\n\n\n\n<p>El cuerpo sin vida de un hombre fue hallado la ma\u00f1ana de este 2 de noviembre en el cant\u00f3n Rocafuerte, provincia de Manab\u00ed. El hecho ocurri\u00f3 a un lado de la v\u00eda Rocafuerte \u2013 Manta. Seg\u00fan los primeros informes de Criminal\u00edstica, la v\u00edctima estaba decapitada y en avanzado estado de descomposici\u00f3n. Tras la alerta, unidades de la Polic\u00eda llegaron al lugar para recabar indicios que ayuden esclarecer las circunstancias de su muerte. Mientras, su cuerpo fue trasladado al Centro Forense de Manta para poder ser identificado ya que no se encontr\u00f3 alg\u00fan documento con su nombre.<\/p>\n","protected":false},"excerpt":{"rendered":"<p>El cuerpo sin vida de un hombre fue hallado la ma\u00f1ana de este 2 de noviembre en el cant\u00f3n Rocafuerte, provincia de Manab\u00ed. El hecho ocurri\u00f3 a un lado de la v\u00eda Rocafuerte \u2013 Manta. Seg\u00fan los primeros informes de Criminal\u00edstica, la v\u00edctima estaba decapitada y en avanzado estado de descomposici\u00f3n. Tras la alerta, unidades de la Polic\u00eda llegaron al lugar para recabar indicios que ayuden esclarecer las circunstancias de su muerte. Mientras, su cuerpo fue trasladado al Centro Forense de Manta para poder ser identificado ya que no se encontr\u00f3 alg\u00fan documento con su nombre.<\/p>\n","protected":false},"author":1,"featured_media":8570,"comment_status":"open","ping_status":"open","sticky":false,"template":"","format":"standard","meta":{"footnotes":""},"categories":[16],"tags":[],"class_list":["post-8569","post","type-post","status-publish","format-standard","has-post-thumbnail","hentry","category-cronica"],"_links":{"self":[{"href":"https:\/\/elmercuriomanta.ec\/index.php\/wp-json\/wp\/v2\/posts\/8569","targetHints":{"allow":["GET"]}}],"collection":[{"href":"https:\/\/elmercuriomanta.ec\/index.php\/wp-json\/wp\/v2\/posts"}],"about":[{"href":"https:\/\/elmercuriomanta.ec\/index.php\/wp-json\/wp\/v2\/types\/post"}],"author":[{"embeddable":true,"href":"https:\/\/elmercuriomanta.ec\/index.php\/wp-json\/wp\/v2\/users\/1"}],"replies":[{"embeddable":true,"href":"https:\/\/elmercuriomanta.ec\/index.php\/wp-json\/wp\/v2\/comments?post=8569"}],"version-history":[{"count":1,"href":"https:\/\/elmercuriomanta.ec\/index.php\/wp-json\/wp\/v2\/posts\/8569\/revisions"}],"predecessor-version":[{"id":8571,"href":"https:\/\/elmercuriomanta.ec\/index.php\/wp-json\/wp\/v2\/posts\/8569\/revisions\/8571"}],"wp:featuredmedia":[{"embeddable":true,"href":"https:\/\/elmercuriomanta.ec\/index.php\/wp-json\/wp\/v2\/media\/8570"}],"wp:attachment":[{"href":"https:\/\/elmercuriomanta.ec\/index.php\/wp-json\/wp\/v2\/media?parent=8569"}],"wp:term":[{"taxonomy":"category","embeddable":true,"href":"https:\/\/elmercuriomanta.ec\/index.php\/wp-json\/wp\/v2\/categories?post=8569"},{"taxonomy":"post_tag","embeddable":true,"href":"https:\/\/elmercuriomanta.ec\/index.php\/wp-json\/wp\/v2\/tags?post=8569"}],"curies":[{"name":"wp","href":"https:\/\/api.w.org\/{rel}","templated":true}]}}