{"id":8528,"date":"2023-11-03T09:17:28","date_gmt":"2023-11-03T14:17:28","guid":{"rendered":"https:\/\/elmercuriomanta.ec\/?p=8528"},"modified":"2023-11-03T09:17:30","modified_gmt":"2023-11-03T14:17:30","slug":"con-flores-velas-y-misas-recuerdan-a-los-fieles-difuntos","status":"publish","type":"post","link":"https:\/\/elmercuriomanta.ec\/index.php\/2023\/11\/03\/con-flores-velas-y-misas-recuerdan-a-los-fieles-difuntos\/","title":{"rendered":"Con Flores, Velas y Misas recuerdan a los Fieles Difuntos"},"content":{"rendered":"\n<figure class=\"wp-block-image aligncenter size-full is-resized\"><img fetchpriority=\"high\" decoding=\"async\" width=\"1024\" height=\"680\" src=\"https:\/\/elmercuriomanta.ec\/wp-content\/uploads\/2023\/11\/image-44.png\" alt=\"\" class=\"wp-image-8531\" style=\"aspect-ratio:1.5058823529411764;width:371px;height:auto\" srcset=\"https:\/\/elmercuriomanta.ec\/wp-content\/uploads\/2023\/11\/image-44.png 1024w, https:\/\/elmercuriomanta.ec\/wp-content\/uploads\/2023\/11\/image-44-300x199.png 300w, https:\/\/elmercuriomanta.ec\/wp-content\/uploads\/2023\/11\/image-44-768x510.png 768w\" sizes=\"(max-width: 1024px) 100vw, 1024px\" \/><\/figure>\n\n\n\n<p>El primer d\u00eda de los Difuntos, este 2 de noviembre, se ha visto muchos movimientos en varios cementerios de los distintos cantones de la provincia de Manab\u00ed. Por ejemplo, en el cementerio General de Portoviejo decenas de personas llegaron con flores y velas en manos a, visitar a sus familiares. Adem\u00e1s, en este, camposanto en el transcurso del d\u00eda se realizaron misas en las que los ciudadanos pudieron participar.<\/p>\n\n\n\n<p>De la misma forma, en Rocafuerte sus cementerios se llenan de cientos de fieles para honrar y recordar a sus Difuntos. En estos lugares se han llevado a cabo trabajos de limpieza, restauraci\u00f3n, iluminaci\u00f3n, poda de \u00e1rboles y m\u00e1s por parte, de la Alcald\u00eda. Mientras que, en Flavio Alfaro tambi\u00e9n se conmemora este d\u00eda con misas en sus cementerios a lo largo del d\u00eda, inform\u00f3 el municipio.<\/p>\n","protected":false},"excerpt":{"rendered":"<p>El primer d\u00eda de los Difuntos, este 2 de noviembre, se ha visto muchos movimientos en varios cementerios de los distintos cantones de la provincia de Manab\u00ed. Por ejemplo, en el cementerio General de Portoviejo decenas de personas llegaron con flores y velas en manos a, visitar a sus familiares. Adem\u00e1s, en este, camposanto en el transcurso del d\u00eda se realizaron misas en las que los ciudadanos pudieron participar.<\/p>\n","protected":false},"author":1,"featured_media":8529,"comment_status":"open","ping_status":"open","sticky":false,"template":"","format":"standard","meta":{"footnotes":""},"categories":[1],"tags":[29],"class_list":["post-8528","post","type-post","status-publish","format-standard","has-post-thumbnail","hentry","category-uncategorized","tag-manabi"],"_links":{"self":[{"href":"https:\/\/elmercuriomanta.ec\/index.php\/wp-json\/wp\/v2\/posts\/8528","targetHints":{"allow":["GET"]}}],"collection":[{"href":"https:\/\/elmercuriomanta.ec\/index.php\/wp-json\/wp\/v2\/posts"}],"about":[{"href":"https:\/\/elmercuriomanta.ec\/index.php\/wp-json\/wp\/v2\/types\/post"}],"author":[{"embeddable":true,"href":"https:\/\/elmercuriomanta.ec\/index.php\/wp-json\/wp\/v2\/users\/1"}],"replies":[{"embeddable":true,"href":"https:\/\/elmercuriomanta.ec\/index.php\/wp-json\/wp\/v2\/comments?post=8528"}],"version-history":[{"count":1,"href":"https:\/\/elmercuriomanta.ec\/index.php\/wp-json\/wp\/v2\/posts\/8528\/revisions"}],"predecessor-version":[{"id":8532,"href":"https:\/\/elmercuriomanta.ec\/index.php\/wp-json\/wp\/v2\/posts\/8528\/revisions\/8532"}],"wp:featuredmedia":[{"embeddable":true,"href":"https:\/\/elmercuriomanta.ec\/index.php\/wp-json\/wp\/v2\/media\/8529"}],"wp:attachment":[{"href":"https:\/\/elmercuriomanta.ec\/index.php\/wp-json\/wp\/v2\/media?parent=8528"}],"wp:term":[{"taxonomy":"category","embeddable":true,"href":"https:\/\/elmercuriomanta.ec\/index.php\/wp-json\/wp\/v2\/categories?post=8528"},{"taxonomy":"post_tag","embeddable":true,"href":"https:\/\/elmercuriomanta.ec\/index.php\/wp-json\/wp\/v2\/tags?post=8528"}],"curies":[{"name":"wp","href":"https:\/\/api.w.org\/{rel}","templated":true}]}}