{"id":8525,"date":"2023-11-03T09:10:50","date_gmt":"2023-11-03T14:10:50","guid":{"rendered":"https:\/\/elmercuriomanta.ec\/?p=8525"},"modified":"2023-11-03T09:10:52","modified_gmt":"2023-11-03T14:10:52","slug":"un-nuevo-sismo-se-registra-a-dia-seguido-en-las-costas-de-puerto-lopez","status":"publish","type":"post","link":"https:\/\/elmercuriomanta.ec\/index.php\/2023\/11\/03\/un-nuevo-sismo-se-registra-a-dia-seguido-en-las-costas-de-puerto-lopez\/","title":{"rendered":"Un nuevo sismo se registra a d\u00eda seguido en las costas de Puerto L\u00f3pez"},"content":{"rendered":"\n<figure class=\"wp-block-image aligncenter size-full is-resized\"><img fetchpriority=\"high\" decoding=\"async\" width=\"692\" height=\"404\" src=\"https:\/\/elmercuriomanta.ec\/wp-content\/uploads\/2023\/11\/image-41.png\" alt=\"\" class=\"wp-image-8526\" style=\"aspect-ratio:1.7128712871287128;width:388px;height:auto\" srcset=\"https:\/\/elmercuriomanta.ec\/wp-content\/uploads\/2023\/11\/image-41.png 692w, https:\/\/elmercuriomanta.ec\/wp-content\/uploads\/2023\/11\/image-41-300x175.png 300w\" sizes=\"(max-width: 692px) 100vw, 692px\" \/><\/figure>\n\n\n\n<p>Un sismo de magnitud 3.6 se registr\u00f3 la ma\u00f1ana de este jueves 2 de noviembre del 2023 en las costas de la provincia de Manab\u00ed. El Instituto Geof\u00edsico (IG) de la Escuela Polit\u00e9cnica Nacional indic\u00f3 que este evento se produjo exactamente a las 07:50. Tuvo una profundidad de 17 kil\u00f3metros y un epicentro a 29,27 kil\u00f3metros de Puerto L\u00f3pez, en la ya mencionada provincia. Este es el segundo sismo que ocurre en la misma provincia costera del pa\u00eds.<\/p>\n\n\n\n<p>En la v\u00edspera hubo un sismo de magnitud 4.3, tambi\u00e9n en las costas de Puerto L\u00f3pez. Las internautas dijeron que s\u00ed sintieron el movimiento tel\u00farico. Las autoridades no han reportado da\u00f1os materiales o personas heridas en ambos eventos.<\/p>\n","protected":false},"excerpt":{"rendered":"<p>Un sismo de magnitud 3.6 se registr\u00f3 la ma\u00f1ana de este jueves 2 de noviembre del 2023 en las costas de la provincia de Manab\u00ed. El Instituto Geof\u00edsico (IG) de la Escuela Polit\u00e9cnica Nacional indic\u00f3 que este evento se produjo exactamente a las 07:50. Tuvo una profundidad de 17 kil\u00f3metros y un epicentro a 29,27 kil\u00f3metros de Puerto L\u00f3pez, en la ya mencionada provincia. Este es el segundo sismo que ocurre en la misma provincia costera del pa\u00eds.<\/p>\n","protected":false},"author":1,"featured_media":8526,"comment_status":"open","ping_status":"open","sticky":false,"template":"","format":"standard","meta":{"footnotes":""},"categories":[1],"tags":[29],"class_list":["post-8525","post","type-post","status-publish","format-standard","has-post-thumbnail","hentry","category-uncategorized","tag-manabi"],"_links":{"self":[{"href":"https:\/\/elmercuriomanta.ec\/index.php\/wp-json\/wp\/v2\/posts\/8525","targetHints":{"allow":["GET"]}}],"collection":[{"href":"https:\/\/elmercuriomanta.ec\/index.php\/wp-json\/wp\/v2\/posts"}],"about":[{"href":"https:\/\/elmercuriomanta.ec\/index.php\/wp-json\/wp\/v2\/types\/post"}],"author":[{"embeddable":true,"href":"https:\/\/elmercuriomanta.ec\/index.php\/wp-json\/wp\/v2\/users\/1"}],"replies":[{"embeddable":true,"href":"https:\/\/elmercuriomanta.ec\/index.php\/wp-json\/wp\/v2\/comments?post=8525"}],"version-history":[{"count":1,"href":"https:\/\/elmercuriomanta.ec\/index.php\/wp-json\/wp\/v2\/posts\/8525\/revisions"}],"predecessor-version":[{"id":8527,"href":"https:\/\/elmercuriomanta.ec\/index.php\/wp-json\/wp\/v2\/posts\/8525\/revisions\/8527"}],"wp:featuredmedia":[{"embeddable":true,"href":"https:\/\/elmercuriomanta.ec\/index.php\/wp-json\/wp\/v2\/media\/8526"}],"wp:attachment":[{"href":"https:\/\/elmercuriomanta.ec\/index.php\/wp-json\/wp\/v2\/media?parent=8525"}],"wp:term":[{"taxonomy":"category","embeddable":true,"href":"https:\/\/elmercuriomanta.ec\/index.php\/wp-json\/wp\/v2\/categories?post=8525"},{"taxonomy":"post_tag","embeddable":true,"href":"https:\/\/elmercuriomanta.ec\/index.php\/wp-json\/wp\/v2\/tags?post=8525"}],"curies":[{"name":"wp","href":"https:\/\/api.w.org\/{rel}","templated":true}]}}