{"id":852,"date":"2023-06-09T23:40:07","date_gmt":"2023-06-09T23:40:07","guid":{"rendered":"https:\/\/elmercuriomanta.ec\/?p=852"},"modified":"2023-06-09T23:40:07","modified_gmt":"2023-06-09T23:40:07","slug":"lluvias-intensas-inundan-flavio-alfaro","status":"publish","type":"post","link":"https:\/\/elmercuriomanta.ec\/index.php\/2023\/06\/09\/lluvias-intensas-inundan-flavio-alfaro\/","title":{"rendered":"LLUVIAS INTENSAS INUNDAN FLAVIO ALFARO"},"content":{"rendered":"\n<figure class=\"wp-block-image size-large\"><img fetchpriority=\"high\" decoding=\"async\" width=\"1024\" height=\"574\" src=\"https:\/\/elmercuriomanta.ec\/wp-content\/uploads\/2023\/06\/image-39-1024x574.png\" alt=\"\" class=\"wp-image-853\" srcset=\"https:\/\/elmercuriomanta.ec\/wp-content\/uploads\/2023\/06\/image-39-1024x574.png 1024w, https:\/\/elmercuriomanta.ec\/wp-content\/uploads\/2023\/06\/image-39-300x168.png 300w, https:\/\/elmercuriomanta.ec\/wp-content\/uploads\/2023\/06\/image-39-768x430.png 768w, https:\/\/elmercuriomanta.ec\/wp-content\/uploads\/2023\/06\/image-39.png 1160w\" sizes=\"(max-width: 1024px) 100vw, 1024px\" \/><figcaption class=\"wp-element-caption\">Durante la emergencia algunos ni\u00f1os salieron en los hombros de los rescatistas. Foto: @Riesgos_Ec<\/figcaption><\/figure>\n\n\n\n<p>Las intensas lluvias nuevamente golpean el litoral ecuatoriano causando el desbordamiento de r\u00edos, inundaciones y deslizamiento de tierra.  Seg\u00fan la Secretar\u00eda de Gesti\u00f3n de Riesgos  (SGR) las provincias m\u00e1s afectadas son Esmeraldas, Manab\u00ed y Los R\u00edos.<\/p>\n\n\n\n<p>Al norte de la provincia de Manab\u00ed, en el cant\u00f3n Flavio Alfaro se presentaron intensas lluvias desde el 7 de junio, que ocasionaron el desbordamiento del r\u00edo Pescadillo. La SGR inform\u00f3 que las inundaciones se presentaron en el centro y la parte baja del cant\u00f3n.<\/p>\n\n\n\n<figure class=\"wp-block-embed is-type-rich is-provider-twitter wp-block-embed-twitter\"><div class=\"wp-block-embed__wrapper\">\n<blockquote class=\"twitter-tweet\" data-width=\"550\" data-dnt=\"true\"><p lang=\"es\" dir=\"ltr\"><a href=\"https:\/\/twitter.com\/hashtag\/Manab%C3%AD?src=hash&amp;ref_src=twsrc%5Etfw\">#Manab\u00ed<\/a> | En conjunto con el Alcalde y el equipo t\u00e9cnico de <a href=\"https:\/\/twitter.com\/hashtag\/FlavioAlfaro?src=hash&amp;ref_src=twsrc%5Etfw\">#FlavioAlfaro<\/a> recorremos los puntos cr\u00edticos afectados debido al desbordamiento del r\u00edo Pescadillo, con el fin de realizar una evaluaci\u00f3n de da\u00f1os y necesidades, para tomar las acciones oportunas. | <a href=\"https:\/\/twitter.com\/hashtag\/Gesti%C3%B3nDeRiesgosEc?src=hash&amp;ref_src=twsrc%5Etfw\">#Gesti\u00f3nDeRiesgosEc<\/a> <a href=\"https:\/\/t.co\/hJKI6pgrB1\">pic.twitter.com\/hJKI6pgrB1<\/a><\/p>&mdash; Riesgos Ecuador (@Riesgos_Ec) <a href=\"https:\/\/twitter.com\/Riesgos_Ec\/status\/1667222039747280923?ref_src=twsrc%5Etfw\">June 9, 2023<\/a><\/blockquote><script async src=\"https:\/\/platform.twitter.com\/widgets.js\" charset=\"utf-8\"><\/script>\n<\/div><\/figure>\n\n\n\n<p>Personal de la Polic\u00eda, Cuerpo de Bomberos y Cruz Roja acudieron a el lugar para brindar atenci\u00f3n oportuna a las personas afectadas ante la emergencia. A trav\u00e9s de videos que fueron difundidos en redes sociales se logr\u00f3 visualizar la magnitud de la eventualidad, afectando los enseres de los hogares. Durante la emergencia algunos ni\u00f1os tuvieron que salir en los hombros de los rescatistas.<\/p>\n\n\n\n<p>Seg\u00fan inform\u00f3 el INAHMI estas precipitaciones presentadas durante esta \u00e9poca del a\u00f1o no tienen relaci\u00f3n con el Fen\u00f3meno de El Ni\u00f1o. Adem\u00e1s, la entidad inform\u00f3 que las lluvias continuar\u00e1n.<\/p>\n","protected":false},"excerpt":{"rendered":"<p>Las intensas lluvias nuevamente golpean el litoral ecuatoriano causando el desbordamiento de r\u00edos, inundaciones y deslizamiento de tierra. Seg\u00fan la Secretar\u00eda de Gesti\u00f3n de Riesgos (SGR) las provincias m\u00e1s afectadas son Esmeraldas, Manab\u00ed y Los R\u00edos. Al norte de la provincia de Manab\u00ed, en el cant\u00f3n Flavio Alfaro se presentaron intensas lluvias desde el 7 [&hellip;]<\/p>\n","protected":false},"author":12,"featured_media":853,"comment_status":"open","ping_status":"open","sticky":false,"template":"","format":"standard","meta":{"footnotes":""},"categories":[19],"tags":[],"class_list":["post-852","post","type-post","status-publish","format-standard","has-post-thumbnail","hentry","category-portada-1"],"_links":{"self":[{"href":"https:\/\/elmercuriomanta.ec\/index.php\/wp-json\/wp\/v2\/posts\/852","targetHints":{"allow":["GET"]}}],"collection":[{"href":"https:\/\/elmercuriomanta.ec\/index.php\/wp-json\/wp\/v2\/posts"}],"about":[{"href":"https:\/\/elmercuriomanta.ec\/index.php\/wp-json\/wp\/v2\/types\/post"}],"author":[{"embeddable":true,"href":"https:\/\/elmercuriomanta.ec\/index.php\/wp-json\/wp\/v2\/users\/12"}],"replies":[{"embeddable":true,"href":"https:\/\/elmercuriomanta.ec\/index.php\/wp-json\/wp\/v2\/comments?post=852"}],"version-history":[{"count":0,"href":"https:\/\/elmercuriomanta.ec\/index.php\/wp-json\/wp\/v2\/posts\/852\/revisions"}],"wp:featuredmedia":[{"embeddable":true,"href":"https:\/\/elmercuriomanta.ec\/index.php\/wp-json\/wp\/v2\/media\/853"}],"wp:attachment":[{"href":"https:\/\/elmercuriomanta.ec\/index.php\/wp-json\/wp\/v2\/media?parent=852"}],"wp:term":[{"taxonomy":"category","embeddable":true,"href":"https:\/\/elmercuriomanta.ec\/index.php\/wp-json\/wp\/v2\/categories?post=852"},{"taxonomy":"post_tag","embeddable":true,"href":"https:\/\/elmercuriomanta.ec\/index.php\/wp-json\/wp\/v2\/tags?post=852"}],"curies":[{"name":"wp","href":"https:\/\/api.w.org\/{rel}","templated":true}]}}