{"id":8361,"date":"2023-11-01T09:15:32","date_gmt":"2023-11-01T14:15:32","guid":{"rendered":"https:\/\/elmercuriomanta.ec\/?p=8361"},"modified":"2023-11-01T09:49:52","modified_gmt":"2023-11-01T14:49:52","slug":"montecristi-celebra-su-ingreso-en-la-red-de-ciudades-creativas-de-la-unesco","status":"publish","type":"post","link":"https:\/\/elmercuriomanta.ec\/index.php\/2023\/11\/01\/montecristi-celebra-su-ingreso-en-la-red-de-ciudades-creativas-de-la-unesco\/","title":{"rendered":"Montecristi Celebra su Ingreso en la Red de Ciudades Creativas de la UNESCO"},"content":{"rendered":"\n<div class=\"wp-block-columns is-layout-flex wp-container-core-columns-is-layout-28f84493 wp-block-columns-is-layout-flex\">\n<div class=\"wp-block-column is-layout-flow wp-block-column-is-layout-flow\">\n<figure class=\"wp-block-image aligncenter size-large is-resized\"><img fetchpriority=\"high\" decoding=\"async\" width=\"1024\" height=\"576\" src=\"https:\/\/elmercuriomanta.ec\/wp-content\/uploads\/2023\/11\/mo-1024x576.jpg\" alt=\"\" class=\"wp-image-8362\" style=\"aspect-ratio:1.7777777777777777;width:370px;height:auto\" srcset=\"https:\/\/elmercuriomanta.ec\/wp-content\/uploads\/2023\/11\/mo-1024x576.jpg 1024w, https:\/\/elmercuriomanta.ec\/wp-content\/uploads\/2023\/11\/mo-300x169.jpg 300w, https:\/\/elmercuriomanta.ec\/wp-content\/uploads\/2023\/11\/mo-768x432.jpg 768w, https:\/\/elmercuriomanta.ec\/wp-content\/uploads\/2023\/11\/mo-1536x864.jpg 1536w, https:\/\/elmercuriomanta.ec\/wp-content\/uploads\/2023\/11\/mo.jpg 1600w\" sizes=\"(max-width: 1024px) 100vw, 1024px\" \/><\/figure>\n<\/div>\n<\/div>\n\n\n\n<p>Hoy, es un d\u00eda de celebraci\u00f3n y alegr\u00eda para los montecristenses, ya que Montecristi ha sido seleccionada como una de las 55 nuevas urbes a nivel mundial que forman parte de la prestigiosa Red de Ciudades Creativas de la UNESCO. Esta emocionante noticia es un testimonio del compromiso inquebrantable de Montecristi con el fomento de la cultura y la creatividad, como parte fundamental de sus estrategias de desarrollo.<\/p>\n\n\n\n<p>&nbsp;Ante este nombramiento por parte de a Unesco, el alcalde Jonathan Toro Largacha mencion\u00f3 \u201cNuestra ciudad ha sido reconocida por su enfoque innovador en la planificaci\u00f3n urbana centrada en el ser humano y su capacidad para mostrar pr\u00e1cticas ejemplares en diversos campos, figuras de mimbre, replicas y artesania hecha en la parroquia rural La Pila , los artesanos de la comuna Pile son quienes tejen el sombrero m\u00e1s fino de paja toquilla, esto nos abre puertas para desarrollar a futuro proyectos sustentables para nuestro cant\u00f3n\u201d.<\/p>\n\n\n\n<p>\u00a0Con las \u00faltimas incorporaciones, la Red de Ciudades Creativas de la UNESCO, ahora cuenta con un total de 350 ciudades en m\u00e1s de cien pa\u00edses, que representan siete campos creativos: Artesan\u00eda y Arte Popular, Dise\u00f1o, Cine, Gastronom\u00eda, Literatura, Artes Audiovisuales y M\u00fasica. \u00abLas ciudades de nuestra Red de Ciudades Creativas est\u00e1n liderando el camino cuando se trata de mejorar el acceso a la cultura y galvanizar el poder de la creatividad para la resiliencia y el desarrollo urbanos\u00bb, destac\u00f3 Audrey Azoulay, Directora General de la UNESCO.<\/p>\n\n\n\n<figure class=\"wp-block-image aligncenter size-large is-resized\"><img decoding=\"async\" width=\"682\" height=\"1024\" src=\"https:\/\/elmercuriomanta.ec\/wp-content\/uploads\/2023\/11\/image-4-682x1024.png\" alt=\"\" class=\"wp-image-8385\" style=\"aspect-ratio:0.66625;width:168px;height:auto\" srcset=\"https:\/\/elmercuriomanta.ec\/wp-content\/uploads\/2023\/11\/image-4-682x1024.png 682w, https:\/\/elmercuriomanta.ec\/wp-content\/uploads\/2023\/11\/image-4-200x300.png 200w, https:\/\/elmercuriomanta.ec\/wp-content\/uploads\/2023\/11\/image-4-768x1153.png 768w, https:\/\/elmercuriomanta.ec\/wp-content\/uploads\/2023\/11\/image-4-1023x1536.png 1023w, https:\/\/elmercuriomanta.ec\/wp-content\/uploads\/2023\/11\/image-4.png 1066w\" sizes=\"(max-width: 682px) 100vw, 682px\" \/><\/figure>\n\n\n\n<p>&nbsp;Uno de los tesoros m\u00e1s emblem\u00e1ticos de Montecristi, el sombrero de paja toquilla, brilla con luz propia y es un testimonio de la riqueza de la artesan\u00eda y el arte popular de la regi\u00f3n. Este logro inspira a todos los montecristenses y llena de orgullo a la comunidad, impuls\u00e1ndonos a seguir trabajando juntos para fomentar nuestra cultura y creatividad.<\/p>\n\n\n\n<p>&nbsp;Direcci\u00f3n de Comunicaci\u00f3n Social Relaciones P\u00fablicas y Marketing cecilia.macias@montecristi.gob.ec Dir. Calle Sucre y An\u00edbal San Andr\u00e9s Telf: 2310052 Montecristi se enorgullece de convertirse en parte de la Red de Ciudades Creativas de la UNESCO y asume la responsabilidad de ser un faro de inspiraci\u00f3n para el mundo entero, promoviendo la creatividad, la cultura y el desarrollo sostenible. Jonathan Toro Alcalde del cant\u00f3n Montecristi se\u00f1al\u00f3 que este es un logro importante para el Ecuador y el epicentro es Montecristi, lo cual llena de orgullo a todos los hijos de esta tierra hist\u00f3rica.<\/p>\n","protected":false},"excerpt":{"rendered":"<p>Hoy, es un d\u00eda de celebraci\u00f3n y alegr\u00eda para los montecristenses, ya que Montecristi ha sido seleccionada como una de las 55 nuevas urbes a nivel mundial que forman parte de la prestigiosa Red de Ciudades Creativas de la UNESCO. Esta emocionante noticia es un testimonio del compromiso inquebrantable de Montecristi con el fomento de la cultura y la creatividad, como parte fundamental de sus estrategias de desarrollo.<\/p>\n","protected":false},"author":1,"featured_media":8362,"comment_status":"open","ping_status":"open","sticky":false,"template":"","format":"standard","meta":{"footnotes":""},"categories":[1],"tags":[29],"class_list":["post-8361","post","type-post","status-publish","format-standard","has-post-thumbnail","hentry","category-uncategorized","tag-manabi"],"_links":{"self":[{"href":"https:\/\/elmercuriomanta.ec\/index.php\/wp-json\/wp\/v2\/posts\/8361","targetHints":{"allow":["GET"]}}],"collection":[{"href":"https:\/\/elmercuriomanta.ec\/index.php\/wp-json\/wp\/v2\/posts"}],"about":[{"href":"https:\/\/elmercuriomanta.ec\/index.php\/wp-json\/wp\/v2\/types\/post"}],"author":[{"embeddable":true,"href":"https:\/\/elmercuriomanta.ec\/index.php\/wp-json\/wp\/v2\/users\/1"}],"replies":[{"embeddable":true,"href":"https:\/\/elmercuriomanta.ec\/index.php\/wp-json\/wp\/v2\/comments?post=8361"}],"version-history":[{"count":4,"href":"https:\/\/elmercuriomanta.ec\/index.php\/wp-json\/wp\/v2\/posts\/8361\/revisions"}],"predecessor-version":[{"id":8386,"href":"https:\/\/elmercuriomanta.ec\/index.php\/wp-json\/wp\/v2\/posts\/8361\/revisions\/8386"}],"wp:featuredmedia":[{"embeddable":true,"href":"https:\/\/elmercuriomanta.ec\/index.php\/wp-json\/wp\/v2\/media\/8362"}],"wp:attachment":[{"href":"https:\/\/elmercuriomanta.ec\/index.php\/wp-json\/wp\/v2\/media?parent=8361"}],"wp:term":[{"taxonomy":"category","embeddable":true,"href":"https:\/\/elmercuriomanta.ec\/index.php\/wp-json\/wp\/v2\/categories?post=8361"},{"taxonomy":"post_tag","embeddable":true,"href":"https:\/\/elmercuriomanta.ec\/index.php\/wp-json\/wp\/v2\/tags?post=8361"}],"curies":[{"name":"wp","href":"https:\/\/api.w.org\/{rel}","templated":true}]}}