{"id":8177,"date":"2023-10-29T14:16:30","date_gmt":"2023-10-29T19:16:30","guid":{"rendered":"https:\/\/elmercuriomanta.ec\/?p=8177"},"modified":"2023-10-29T14:16:33","modified_gmt":"2023-10-29T19:16:33","slug":"conformado-comite-publico-privado-para-afrontar-crisis-en-manta","status":"publish","type":"post","link":"https:\/\/elmercuriomanta.ec\/index.php\/2023\/10\/29\/conformado-comite-publico-privado-para-afrontar-crisis-en-manta\/","title":{"rendered":"Conformado Comit\u00e9 P\u00fablico- Privado para afrontar crisis en Manta"},"content":{"rendered":"\n<figure class=\"wp-block-image aligncenter size-full is-resized\"><img fetchpriority=\"high\" decoding=\"async\" width=\"356\" height=\"201\" src=\"https:\/\/elmercuriomanta.ec\/wp-content\/uploads\/2023\/10\/image-375.png\" alt=\"\" class=\"wp-image-8178\" style=\"aspect-ratio:1.771144278606965;width:367px;height:auto\" srcset=\"https:\/\/elmercuriomanta.ec\/wp-content\/uploads\/2023\/10\/image-375.png 356w, https:\/\/elmercuriomanta.ec\/wp-content\/uploads\/2023\/10\/image-375-300x169.png 300w\" sizes=\"(max-width: 356px) 100vw, 356px\" \/><\/figure>\n\n\n\n<p>El Comit\u00e9 P\u00fablico-Privado para el Desarrollo Integral de Manta qued\u00f3 legalmente constituido. Ser\u00e1 el ente que velar\u00e1 por el bienestar de las familias mantenses ante situaciones adversas. Representantes de empresas privadas, instituciones p\u00fablicas, la academia y ONG integran los cinco ejes que conforman el comit\u00e9:<\/p>\n\n\n\n<p>Seguridad Ciudadana, Seguridad Alimentaria, Gesti\u00f3n del Riesgo, Salud, y Social y Asistencia Humanitaria. \u00abHoy quiero agradecer el esfuerzo que hace el empresario y el emprendedor, porque ustedes pudieron haber dejado de producir en el Ecuador y haberlo hecho o en otro pa\u00eds, debido a las cat\u00e1strofes naturales como el fen\u00f3meno El Ni\u00f1o o el terremoto; al contrario, decidieron trabajar aqu\u00ed.<\/p>\n\n\n\n<p>Estoy convencida que, con este comit\u00e9, Manta estar\u00e1 prevenida\u00bb, dijo la alcaldesa Marciana Valdivieso. En s\u00ed, en Manta ya se han conformado otros comit\u00e9s: de la pandemia del COVID-19, el T\u00e9cnico Ciudadano para el Desarrollo del Aeropuerto Eloy Alfaro y el Centenario.<\/p>\n","protected":false},"excerpt":{"rendered":"<p>El Comit\u00e9 P\u00fablico-Privado para el Desarrollo Integral de Manta qued\u00f3 legalmente constituido. Ser\u00e1 el ente que velar\u00e1 por el bienestar de las familias mantenses ante situaciones adversas. Representantes de empresas privadas, instituciones p\u00fablicas, la academia y ONG integran los cinco ejes que conforman el comit\u00e9:<\/p>\n","protected":false},"author":1,"featured_media":8178,"comment_status":"open","ping_status":"open","sticky":false,"template":"","format":"standard","meta":{"footnotes":""},"categories":[20],"tags":[],"class_list":["post-8177","post","type-post","status-publish","format-standard","has-post-thumbnail","hentry","category-portada-2"],"_links":{"self":[{"href":"https:\/\/elmercuriomanta.ec\/index.php\/wp-json\/wp\/v2\/posts\/8177","targetHints":{"allow":["GET"]}}],"collection":[{"href":"https:\/\/elmercuriomanta.ec\/index.php\/wp-json\/wp\/v2\/posts"}],"about":[{"href":"https:\/\/elmercuriomanta.ec\/index.php\/wp-json\/wp\/v2\/types\/post"}],"author":[{"embeddable":true,"href":"https:\/\/elmercuriomanta.ec\/index.php\/wp-json\/wp\/v2\/users\/1"}],"replies":[{"embeddable":true,"href":"https:\/\/elmercuriomanta.ec\/index.php\/wp-json\/wp\/v2\/comments?post=8177"}],"version-history":[{"count":1,"href":"https:\/\/elmercuriomanta.ec\/index.php\/wp-json\/wp\/v2\/posts\/8177\/revisions"}],"predecessor-version":[{"id":8179,"href":"https:\/\/elmercuriomanta.ec\/index.php\/wp-json\/wp\/v2\/posts\/8177\/revisions\/8179"}],"wp:featuredmedia":[{"embeddable":true,"href":"https:\/\/elmercuriomanta.ec\/index.php\/wp-json\/wp\/v2\/media\/8178"}],"wp:attachment":[{"href":"https:\/\/elmercuriomanta.ec\/index.php\/wp-json\/wp\/v2\/media?parent=8177"}],"wp:term":[{"taxonomy":"category","embeddable":true,"href":"https:\/\/elmercuriomanta.ec\/index.php\/wp-json\/wp\/v2\/categories?post=8177"},{"taxonomy":"post_tag","embeddable":true,"href":"https:\/\/elmercuriomanta.ec\/index.php\/wp-json\/wp\/v2\/tags?post=8177"}],"curies":[{"name":"wp","href":"https:\/\/api.w.org\/{rel}","templated":true}]}}