{"id":8121,"date":"2023-10-28T17:52:05","date_gmt":"2023-10-28T22:52:05","guid":{"rendered":"https:\/\/elmercuriomanta.ec\/?p=8121"},"modified":"2023-10-28T17:52:07","modified_gmt":"2023-10-28T22:52:07","slug":"para-su-instalacion-y-posesion-del-nuevo-gobierno-la-asamblea-nacional-recibira-presupuesto","status":"publish","type":"post","link":"https:\/\/elmercuriomanta.ec\/index.php\/2023\/10\/28\/para-su-instalacion-y-posesion-del-nuevo-gobierno-la-asamblea-nacional-recibira-presupuesto\/","title":{"rendered":"Para su instalaci\u00f3n y posesi\u00f3n del nuevo Gobierno, la Asamblea Nacional recibir\u00e1 presupuesto"},"content":{"rendered":"\n<figure class=\"wp-block-image aligncenter size-full is-resized\"><img fetchpriority=\"high\" decoding=\"async\" width=\"285\" height=\"177\" src=\"https:\/\/elmercuriomanta.ec\/wp-content\/uploads\/2023\/10\/image-361.png\" alt=\"\" class=\"wp-image-8122\" style=\"aspect-ratio:1.6101694915254237;width:340px;height:auto\"\/><\/figure>\n\n\n\n<p>Asimismo, ordenaron que las instituciones de la funci\u00f3n ejecutiva no deber\u00e1n generar nuevos procesos de contrataci\u00f3n p\u00fablica hasta diciembre del 2023, y se\u00f1alaron que no se asignar\u00e1 &nbsp;recursos adicionales para gastos de personal corriente o inversi\u00f3n en el ejercicio 2023. Es incierta a\u00fan la fecha de posesi\u00f3n de la Asamblea Nacional. Pierina Correa, la asamble\u00edsta nacional m\u00e1s votada en las elecciones de agosto, y quien deber\u00e1 liderar la primera sesi\u00f3n, declar\u00f3 ayer 26 de octubre que el Legislativo entrar\u00eda en funciones el 20 de noviembre.<\/p>\n\n\n\n<p>Si se cumple tal fecha, Daniel Noboa se posesionar\u00eda como nuevo presidente el 30 de noviembre de 2023, cumpliendo los plazos de la ley. Sin embargo, el calendario podr\u00eda cambiar s i se presenta una impugnaci\u00f3n a los resultados electorales, y esta es aceptada por el Consejo Nacional Electoral o el Tribunal Contencioso Electoral.<\/p>\n","protected":false},"excerpt":{"rendered":"<p>Asimismo, ordenaron que las instituciones de la funci\u00f3n ejecutiva no deber\u00e1n generar nuevos procesos de contrataci\u00f3n p\u00fablica hasta diciembre del 2023, y se\u00f1alaron que no se asignar\u00e1 \u00a0recursos adicionales para gastos de personal corriente o inversi\u00f3n en el ejercicio 2023. Es incierta a\u00fan la fecha de posesi\u00f3n de la Asamblea Nacional. Pierina Correa, la asamble\u00edsta nacional m\u00e1s votada en las elecciones de agosto, y quien deber\u00e1 liderar la primera sesi\u00f3n, declar\u00f3 ayer 26 de octubre que el Legislativo entrar\u00eda en funciones el 20 de noviembre.<\/p>\n","protected":false},"author":1,"featured_media":8122,"comment_status":"open","ping_status":"open","sticky":false,"template":"","format":"standard","meta":{"footnotes":""},"categories":[54],"tags":[],"class_list":["post-8121","post","type-post","status-publish","format-standard","has-post-thumbnail","hentry","category-politica"],"_links":{"self":[{"href":"https:\/\/elmercuriomanta.ec\/index.php\/wp-json\/wp\/v2\/posts\/8121","targetHints":{"allow":["GET"]}}],"collection":[{"href":"https:\/\/elmercuriomanta.ec\/index.php\/wp-json\/wp\/v2\/posts"}],"about":[{"href":"https:\/\/elmercuriomanta.ec\/index.php\/wp-json\/wp\/v2\/types\/post"}],"author":[{"embeddable":true,"href":"https:\/\/elmercuriomanta.ec\/index.php\/wp-json\/wp\/v2\/users\/1"}],"replies":[{"embeddable":true,"href":"https:\/\/elmercuriomanta.ec\/index.php\/wp-json\/wp\/v2\/comments?post=8121"}],"version-history":[{"count":1,"href":"https:\/\/elmercuriomanta.ec\/index.php\/wp-json\/wp\/v2\/posts\/8121\/revisions"}],"predecessor-version":[{"id":8124,"href":"https:\/\/elmercuriomanta.ec\/index.php\/wp-json\/wp\/v2\/posts\/8121\/revisions\/8124"}],"wp:featuredmedia":[{"embeddable":true,"href":"https:\/\/elmercuriomanta.ec\/index.php\/wp-json\/wp\/v2\/media\/8122"}],"wp:attachment":[{"href":"https:\/\/elmercuriomanta.ec\/index.php\/wp-json\/wp\/v2\/media?parent=8121"}],"wp:term":[{"taxonomy":"category","embeddable":true,"href":"https:\/\/elmercuriomanta.ec\/index.php\/wp-json\/wp\/v2\/categories?post=8121"},{"taxonomy":"post_tag","embeddable":true,"href":"https:\/\/elmercuriomanta.ec\/index.php\/wp-json\/wp\/v2\/tags?post=8121"}],"curies":[{"name":"wp","href":"https:\/\/api.w.org\/{rel}","templated":true}]}}