{"id":8115,"date":"2023-10-28T17:18:00","date_gmt":"2023-10-28T22:18:00","guid":{"rendered":"https:\/\/elmercuriomanta.ec\/?p=8115"},"modified":"2023-10-28T17:18:03","modified_gmt":"2023-10-28T22:18:03","slug":"iess-manabi-fomentan-la-semana-de-la-seguridad-social-y-cultura-previsional","status":"publish","type":"post","link":"https:\/\/elmercuriomanta.ec\/index.php\/2023\/10\/28\/iess-manabi-fomentan-la-semana-de-la-seguridad-social-y-cultura-previsional\/","title":{"rendered":"IESS Manab\u00ed,\u00a0 fomentan la semana de la seguridad social y cultura previsional"},"content":{"rendered":"\n<figure class=\"wp-block-image aligncenter size-full is-resized\"><img fetchpriority=\"high\" decoding=\"async\" width=\"600\" height=\"397\" src=\"https:\/\/elmercuriomanta.ec\/wp-content\/uploads\/2023\/10\/image-359.png\" alt=\"\" class=\"wp-image-8116\" style=\"aspect-ratio:1.5113350125944585;width:350px;height:auto\" srcset=\"https:\/\/elmercuriomanta.ec\/wp-content\/uploads\/2023\/10\/image-359.png 600w, https:\/\/elmercuriomanta.ec\/wp-content\/uploads\/2023\/10\/image-359-300x199.png 300w\" sizes=\"(max-width: 600px) 100vw, 600px\" \/><\/figure>\n\n\n\n<p>Del 23 al 27 de octubre, la Direcci\u00f3n Provincial de M anab\u00ed del Instituto Ecuatoriano de Seguridad Social (IESS) promueve la semana de la seguridad social y cultura previsional mediante la ejecuci\u00f3n de eventos que fomentan una mayor conciencia y comprensi\u00f3n sobre la planificaci\u00f3n financiera. El lunes 23 de octubre los promotores de Afiliaci\u00f3n del IESS instalaron un stand en Manta, en la Universidad Laica Eloy Alfaro de Manab\u00ed, ULEAM, donde se socializaron a los j\u00f3venes la importancia de la seguridad social para que tomen decisiones financieras informadas.<\/p>\n\n\n\n<p>As\u00ed mismo, el mi\u00e9rcoles 25 de octubre se realiz\u00f3 un conversatorio con universitarios e n la Direcci\u00f3n Provincial del IESS, donde se brind\u00f3 informaci\u00f3n sobre la seguridad financiera en Ecuador y recibieron un certificado por asistir al evento. Con esta charla conoc\u00ed los beneficios de la seguridad social, entre estos: salud, pensi\u00f3n cuando est\u00e9s jubilado, seguro de muerte, pr\u00e9stamos, seguro de riesgos laborales, entre otros\u201d, manifest\u00f3, Franco G., estudiante universitario.<\/p>\n\n\n\n<p>En la actualidad el IESS ofrece planes de afiliaci\u00f3n dirigidos a j\u00f3venes, los cuales garantizan gozar de los servicios y prestaciones de la seguridad social mediante las modalidades de voluntario o independiente. Vicente Zavala, director provincial (e), manifest\u00f3: \u201cDesde el IESS Manab\u00ed continuaremos fortaleciendo esta iniciativa. En las pr\u00f3ximas semanas visitaremos unidades educativas para brindar informaci\u00f3n e insumos a nuestros j\u00f3venes para que aseguren su futuro\u201d. El dato: Los ciudadanos q u e requieran afiliarse al IESS pueden hacerlo e n www.iess.gob.ec, o acudir a los centros de atenci\u00f3n en Portoviejo, Manta, Chone, Jipijapa, Bah\u00eda de Car\u00e1quez y El Carmen.<\/p>\n","protected":false},"excerpt":{"rendered":"<p>Del 23 al 27 de octubre, la Direcci\u00f3n Provincial de M anab\u00ed del Instituto Ecuatoriano de Seguridad Social (IESS) promueve la semana de la seguridad social y cultura previsional mediante la ejecuci\u00f3n de eventos que fomentan una mayor conciencia y comprensi\u00f3n sobre la planificaci\u00f3n financiera. El lunes 23 de octubre los promotores de Afiliaci\u00f3n del IESS instalaron un stand en Manta, en la Universidad Laica Eloy Alfaro de Manab\u00ed, ULEAM, donde se socializaron a los j\u00f3venes la importancia de la seguridad social para que tomen decisiones financieras informadas.<\/p>\n","protected":false},"author":1,"featured_media":8116,"comment_status":"open","ping_status":"open","sticky":false,"template":"","format":"standard","meta":{"footnotes":""},"categories":[1],"tags":[29],"class_list":["post-8115","post","type-post","status-publish","format-standard","has-post-thumbnail","hentry","category-uncategorized","tag-manabi"],"_links":{"self":[{"href":"https:\/\/elmercuriomanta.ec\/index.php\/wp-json\/wp\/v2\/posts\/8115","targetHints":{"allow":["GET"]}}],"collection":[{"href":"https:\/\/elmercuriomanta.ec\/index.php\/wp-json\/wp\/v2\/posts"}],"about":[{"href":"https:\/\/elmercuriomanta.ec\/index.php\/wp-json\/wp\/v2\/types\/post"}],"author":[{"embeddable":true,"href":"https:\/\/elmercuriomanta.ec\/index.php\/wp-json\/wp\/v2\/users\/1"}],"replies":[{"embeddable":true,"href":"https:\/\/elmercuriomanta.ec\/index.php\/wp-json\/wp\/v2\/comments?post=8115"}],"version-history":[{"count":1,"href":"https:\/\/elmercuriomanta.ec\/index.php\/wp-json\/wp\/v2\/posts\/8115\/revisions"}],"predecessor-version":[{"id":8117,"href":"https:\/\/elmercuriomanta.ec\/index.php\/wp-json\/wp\/v2\/posts\/8115\/revisions\/8117"}],"wp:featuredmedia":[{"embeddable":true,"href":"https:\/\/elmercuriomanta.ec\/index.php\/wp-json\/wp\/v2\/media\/8116"}],"wp:attachment":[{"href":"https:\/\/elmercuriomanta.ec\/index.php\/wp-json\/wp\/v2\/media?parent=8115"}],"wp:term":[{"taxonomy":"category","embeddable":true,"href":"https:\/\/elmercuriomanta.ec\/index.php\/wp-json\/wp\/v2\/categories?post=8115"},{"taxonomy":"post_tag","embeddable":true,"href":"https:\/\/elmercuriomanta.ec\/index.php\/wp-json\/wp\/v2\/tags?post=8115"}],"curies":[{"name":"wp","href":"https:\/\/api.w.org\/{rel}","templated":true}]}}