{"id":7987,"date":"2023-10-25T11:44:19","date_gmt":"2023-10-25T16:44:19","guid":{"rendered":"https:\/\/elmercuriomanta.ec\/?p=7987"},"modified":"2023-10-25T11:44:21","modified_gmt":"2023-10-25T16:44:21","slug":"milei-dice-que-peleara-para-ganarle-al-kirchnerismo","status":"publish","type":"post","link":"https:\/\/elmercuriomanta.ec\/index.php\/2023\/10\/25\/milei-dice-que-peleara-para-ganarle-al-kirchnerismo\/","title":{"rendered":"Milei dice que pelear\u00e1 para \u201cGanarle al Kirchnerismo\u201d"},"content":{"rendered":"\n<figure class=\"wp-block-image aligncenter size-full is-resized\"><img fetchpriority=\"high\" decoding=\"async\" width=\"600\" height=\"399\" src=\"https:\/\/elmercuriomanta.ec\/wp-content\/uploads\/2023\/10\/image-328.png\" alt=\"\" class=\"wp-image-7988\" style=\"aspect-ratio:1.5037593984962405;width:341px;height:auto\" srcset=\"https:\/\/elmercuriomanta.ec\/wp-content\/uploads\/2023\/10\/image-328.png 600w, https:\/\/elmercuriomanta.ec\/wp-content\/uploads\/2023\/10\/image-328-300x200.png 300w\" sizes=\"(max-width: 600px) 100vw, 600px\" \/><\/figure>\n\n\n\n<p>El candidato de La Libertad Avanza a la Presidencia argentina, Javier Milei, neg\u00f3 que vaya a renunciar a la segunda vuelta electoral y afirm\u00f3 que pelear\u00e1 hasta el final para ganarle al kirchnerismo en los comicios argentinos. En diversas entrevistas de radio mantenidas horas despu\u00e9s de quedar segundo en las elecciones, con un 29,98% de los votos, por detr\u00e1s del candidato oficialista, Sergio Massa (36,68%), con quien pugnar\u00e1 en segunda vuelta el 19 de noviembre por presidir Argentina, el economista libertario tendi\u00f3 la mano a otras fuerzas pol\u00edticas, especialmente a Juntos por el Cambio. &nbsp;Milei reconoci\u00f3 su cercan\u00eda al expresidente Mauricio Macri (2015-2019), referente de esa formaci\u00f3n pol\u00edtica de centroderecha, de quien indic\u00f3 en Radio Mitre que su experiencia ha sido muy valiosa.<\/p>\n\n\n\n<p><strong>Sumando fuerzas <\/strong>&nbsp;Una de las cosas que hemos hablado con \u00e9l es que \u00e9l me reconoci\u00f3 que yo tuve la apertura de ofrecer una interna. Lo resolvimos de una manera m\u00e1s \u00e1spera, pero el enemigo sigue siendo el kirchnerismo. &nbsp;Los invito a participar, a acompa\u00f1arme en esta lucha contra el kirchnerismo. Los vamos a recibir\u00bb, apunt\u00f3 Milei sobre la tercera fuerza en discordia en estas elecciones, cuya candidata, Patricia Bullrich, se qued\u00f3 en un 23,83% de los votos. Los coqueteos de Macri y Milei durante la campa\u00f1a electoral generaron tanto ruido que el exmandatario tuvo que saltar a la palestra a defender expresamente a la candidata de su partido.<\/p>\n","protected":false},"excerpt":{"rendered":"<p>El candidato de La Libertad Avanza a la Presidencia argentina, Javier Milei, neg\u00f3 que vaya a renunciar a la segunda vuelta electoral y afirm\u00f3 que pelear\u00e1 hasta el final para ganarle al kirchnerismo en los comicios argentinos. En diversas entrevistas de radio mantenidas horas despu\u00e9s de quedar segundo en las elecciones, con un 29,98% de los votos, por detr\u00e1s del candidato oficialista, Sergio Massa (36,68%), con quien pugnar\u00e1 en segunda vuelta el 19 de noviembre por presidir Argentina, el economista libertario tendi\u00f3 la mano a otras fuerzas pol\u00edticas, especialmente a Juntos por el Cambio. \u00a0Milei reconoci\u00f3 su cercan\u00eda al expresidente Mauricio Macri (2015-2019), referente de esa formaci\u00f3n pol\u00edtica de centroderecha, de quien indic\u00f3 en Radio Mitre que su experiencia ha sido muy valiosa.<\/p>\n","protected":false},"author":1,"featured_media":7988,"comment_status":"open","ping_status":"open","sticky":false,"template":"","format":"standard","meta":{"footnotes":""},"categories":[8],"tags":[],"class_list":["post-7987","post","type-post","status-publish","format-standard","has-post-thumbnail","hentry","category-internacional"],"_links":{"self":[{"href":"https:\/\/elmercuriomanta.ec\/index.php\/wp-json\/wp\/v2\/posts\/7987","targetHints":{"allow":["GET"]}}],"collection":[{"href":"https:\/\/elmercuriomanta.ec\/index.php\/wp-json\/wp\/v2\/posts"}],"about":[{"href":"https:\/\/elmercuriomanta.ec\/index.php\/wp-json\/wp\/v2\/types\/post"}],"author":[{"embeddable":true,"href":"https:\/\/elmercuriomanta.ec\/index.php\/wp-json\/wp\/v2\/users\/1"}],"replies":[{"embeddable":true,"href":"https:\/\/elmercuriomanta.ec\/index.php\/wp-json\/wp\/v2\/comments?post=7987"}],"version-history":[{"count":1,"href":"https:\/\/elmercuriomanta.ec\/index.php\/wp-json\/wp\/v2\/posts\/7987\/revisions"}],"predecessor-version":[{"id":7989,"href":"https:\/\/elmercuriomanta.ec\/index.php\/wp-json\/wp\/v2\/posts\/7987\/revisions\/7989"}],"wp:featuredmedia":[{"embeddable":true,"href":"https:\/\/elmercuriomanta.ec\/index.php\/wp-json\/wp\/v2\/media\/7988"}],"wp:attachment":[{"href":"https:\/\/elmercuriomanta.ec\/index.php\/wp-json\/wp\/v2\/media?parent=7987"}],"wp:term":[{"taxonomy":"category","embeddable":true,"href":"https:\/\/elmercuriomanta.ec\/index.php\/wp-json\/wp\/v2\/categories?post=7987"},{"taxonomy":"post_tag","embeddable":true,"href":"https:\/\/elmercuriomanta.ec\/index.php\/wp-json\/wp\/v2\/tags?post=7987"}],"curies":[{"name":"wp","href":"https:\/\/api.w.org\/{rel}","templated":true}]}}