{"id":7915,"date":"2023-10-24T16:21:33","date_gmt":"2023-10-24T21:21:33","guid":{"rendered":"https:\/\/elmercuriomanta.ec\/?p=7915"},"modified":"2023-10-24T16:21:35","modified_gmt":"2023-10-24T21:21:35","slug":"asambleistas-por-manabi-recibiran-credenciales-el-26-de-octubre","status":"publish","type":"post","link":"https:\/\/elmercuriomanta.ec\/index.php\/2023\/10\/24\/asambleistas-por-manabi-recibiran-credenciales-el-26-de-octubre\/","title":{"rendered":"Asamble\u00edstas por Manab\u00ed recibir\u00e1n credenciales el 26 de octubre"},"content":{"rendered":"\n<figure class=\"wp-block-image aligncenter size-large is-resized\"><img fetchpriority=\"high\" decoding=\"async\" width=\"819\" height=\"1024\" src=\"https:\/\/elmercuriomanta.ec\/wp-content\/uploads\/2023\/10\/image-308-819x1024.png\" alt=\"\" class=\"wp-image-7916\" style=\"aspect-ratio:0.8;width:273px;height:auto\" srcset=\"https:\/\/elmercuriomanta.ec\/wp-content\/uploads\/2023\/10\/image-308-819x1024.png 819w, https:\/\/elmercuriomanta.ec\/wp-content\/uploads\/2023\/10\/image-308-240x300.png 240w, https:\/\/elmercuriomanta.ec\/wp-content\/uploads\/2023\/10\/image-308-768x960.png 768w, https:\/\/elmercuriomanta.ec\/wp-content\/uploads\/2023\/10\/image-308.png 1024w\" sizes=\"(max-width: 819px) 100vw, 819px\" \/><\/figure>\n\n\n\n<p>Los nueve Asamble\u00edstas elegidos democr\u00e1ticamente para representar a Manab\u00ed en el legislativo, que cumplir\u00e1n funciones hasta mayo del 2025, recibir\u00e1n sus credenciales que los acreditan como ganadores de las Elecciones Anticipadas 2023, este jueves 26 de octubre.<\/p>\n\n\n\n<p>El acto se realizar\u00e1 en el auditorio 2 de la Universidad San Gregorio de Portoviejo, desde las 10h00, y contar\u00e1 con la presencia de la presidenta del Consejo Nacional Electoral (CNE), Diana Atamaint, adem\u00e1s de nuestras autoridades electorales.<\/p>\n\n\n\n<p>Como parte del evento se realizar\u00e1 un reconocimiento a las instituciones que formaron parte de la mesa de Seguridad Electoral que coordin\u00f3 acciones para que el proceso democr\u00e1tico se realice con \u00e9xito.<\/p>\n\n\n\n<p>Los Asamble\u00edstas que recibir\u00e1n sus credenciales son:<\/p>\n\n\n\n<p>Por la Circunscripci\u00f3n Norte:<\/p>\n\n\n\n<p>Raisa Irina Corral \u00c1lava &#8211; Justin Robinson Suarez Molina (Suplente) &#8211; Revoluci\u00f3n Ciudadana, Lista 5.<\/p>\n\n\n\n<p>Lenin Daniel Barreto Zambrano &#8211; Florys Marena Panezo Cede\u00f1o (Suplente) Revoluci\u00f3n Ciudadana, Lista 5.<\/p>\n\n\n\n<p>Jaminton Enrique Intriago Alcivar &#8211; Natalia Carolina Garzon Leon (Suplente) &#8211; Alianza Unidos Somos M\u00e1s, Listas 6 &#8211; 62.<\/p>\n\n\n\n<p>Viviana Jacqueline Zambrano Gonzalez &#8211; Rosa Estela Puertas Rosales (Suplente) &#8211; Movimiento Construye, Lista 25.<\/p>\n\n\n\n<p>Por la Circunscripci\u00f3n Sur:<\/p>\n\n\n\n<p>Lyne Katiuska Miranda Giler &#8211; Tomas Israel Burgos Piza (Suplente) &#8211; Revoluci\u00f3n Ciudadana, Lista 5.<\/p>\n\n\n\n<p>Fernando Enrique Cede\u00f1o Rivadeneira &#8211; Yngrid Patricia Quimis Vite (Suplente) &#8211; Revoluci\u00f3n Ciudadana, Lista 5.<\/p>\n\n\n\n<p>Carlos Edilberto Vera Mora &#8211; Rosa Victoria Plua Santillan (Suplente) &#8211; Partido Social Cristiano, Lista 6.<\/p>\n\n\n\n<p>Maria Mercedes Erbs Estupi\u00f1an &#8211; Rodolfo Paul Vinces Franco (Suplente) &#8211; Movimiento Construye, Lista 25.<\/p>\n\n\n\n<p>Maria Gabriela Molina Menendez &#8211; Francisco Alejandro Hidalgo Franco (Suplente) &#8211; Revoluci\u00f3n Ciudadana, Lista 5.<\/p>\n","protected":false},"excerpt":{"rendered":"<p>Los nueve Asamble\u00edstas elegidos democr\u00e1ticamente para representar a Manab\u00ed en el legislativo, que cumplir\u00e1n funciones hasta mayo del 2025, recibir\u00e1n sus credenciales que los acreditan como ganadores de las Elecciones Anticipadas 2023, este jueves 26 de octubre.<\/p>\n","protected":false},"author":1,"featured_media":7916,"comment_status":"open","ping_status":"open","sticky":false,"template":"","format":"standard","meta":{"footnotes":""},"categories":[20,1],"tags":[23,29],"class_list":["post-7915","post","type-post","status-publish","format-standard","has-post-thumbnail","hentry","category-portada-2","category-uncategorized","tag-ecuador","tag-manabi"],"_links":{"self":[{"href":"https:\/\/elmercuriomanta.ec\/index.php\/wp-json\/wp\/v2\/posts\/7915","targetHints":{"allow":["GET"]}}],"collection":[{"href":"https:\/\/elmercuriomanta.ec\/index.php\/wp-json\/wp\/v2\/posts"}],"about":[{"href":"https:\/\/elmercuriomanta.ec\/index.php\/wp-json\/wp\/v2\/types\/post"}],"author":[{"embeddable":true,"href":"https:\/\/elmercuriomanta.ec\/index.php\/wp-json\/wp\/v2\/users\/1"}],"replies":[{"embeddable":true,"href":"https:\/\/elmercuriomanta.ec\/index.php\/wp-json\/wp\/v2\/comments?post=7915"}],"version-history":[{"count":1,"href":"https:\/\/elmercuriomanta.ec\/index.php\/wp-json\/wp\/v2\/posts\/7915\/revisions"}],"predecessor-version":[{"id":7929,"href":"https:\/\/elmercuriomanta.ec\/index.php\/wp-json\/wp\/v2\/posts\/7915\/revisions\/7929"}],"wp:featuredmedia":[{"embeddable":true,"href":"https:\/\/elmercuriomanta.ec\/index.php\/wp-json\/wp\/v2\/media\/7916"}],"wp:attachment":[{"href":"https:\/\/elmercuriomanta.ec\/index.php\/wp-json\/wp\/v2\/media?parent=7915"}],"wp:term":[{"taxonomy":"category","embeddable":true,"href":"https:\/\/elmercuriomanta.ec\/index.php\/wp-json\/wp\/v2\/categories?post=7915"},{"taxonomy":"post_tag","embeddable":true,"href":"https:\/\/elmercuriomanta.ec\/index.php\/wp-json\/wp\/v2\/tags?post=7915"}],"curies":[{"name":"wp","href":"https:\/\/api.w.org\/{rel}","templated":true}]}}