{"id":7867,"date":"2023-10-24T11:33:42","date_gmt":"2023-10-24T16:33:42","guid":{"rendered":"https:\/\/elmercuriomanta.ec\/?p=7867"},"modified":"2023-10-24T11:33:45","modified_gmt":"2023-10-24T16:33:45","slug":"alberto-dahik-considera-que-daniel-noboa-debe-trabajar-en-la-gobernabilidad","status":"publish","type":"post","link":"https:\/\/elmercuriomanta.ec\/index.php\/2023\/10\/24\/alberto-dahik-considera-que-daniel-noboa-debe-trabajar-en-la-gobernabilidad\/","title":{"rendered":"Alberto Dahik considera que Daniel Noboa debe trabajar en la gobernabilidad"},"content":{"rendered":"\n<figure class=\"wp-block-image aligncenter size-full is-resized\"><img fetchpriority=\"high\" decoding=\"async\" width=\"600\" height=\"600\" src=\"https:\/\/elmercuriomanta.ec\/wp-content\/uploads\/2023\/10\/image-294.png\" alt=\"\" class=\"wp-image-7868\" style=\"aspect-ratio:1;width:354px;height:auto\" srcset=\"https:\/\/elmercuriomanta.ec\/wp-content\/uploads\/2023\/10\/image-294.png 600w, https:\/\/elmercuriomanta.ec\/wp-content\/uploads\/2023\/10\/image-294-300x300.png 300w, https:\/\/elmercuriomanta.ec\/wp-content\/uploads\/2023\/10\/image-294-150x150.png 150w\" sizes=\"(max-width: 600px) 100vw, 600px\" \/><\/figure>\n\n\n\n<p>Alberto Dahik, exvicepresidente de la Rep\u00fablica, insisti\u00f3 en que no formar\u00e1 parte del gobierno de Daniel Noboa. \u201cHe recibido el pedido de asesorar, ser un consultor\u201d, dijo durante una entrevista para Contacto Directo. Explic\u00f3 que su presencia en Carondelet respondi\u00f3 a una solicitud especial del futuro Presidente y habl\u00f3 del porqu\u00e9 estuvo sentado a su derecha. \u201cA m\u00ed me tocaba ese puesto por protocolo como exvicepresidente. No es que yo estaba ah\u00ed porque era la persona m\u00e1s importante del equipo\u201d, asegur\u00f3. Tambi\u00e9n asegur\u00f3 que el presidente Noboa y sus ministros, en su momento, expondr\u00e1n su plan de Gobierno. Sin embargo, Dahik dio su criterio sobre la futura administraci\u00f3n. \u00bfCu\u00e1l es el principal problema que enfrentar\u00e1 Daniel Noboa? Para Alberto Dahik, el pa\u00eds no tiene gobernabilidad.<\/p>\n\n\n\n<p>Record\u00f3 que el contexto actual responde a muerte cruzada que el presidente Guillermo Lasso decret\u00f3 por las trabas que enfrent\u00f3 por parte de la Asamblea Nacional. Por eso espera que el pr\u00f3ximo Legislativo le permita al Mandatario cumplir con su plan de gobierno. En ese sentido, descart\u00f3 que el financiamiento sea un limitante para el desarrollo de su plan de gobierno. Dahik adelant\u00f3 que las acciones para enfrentar el Fen\u00f3meno de El Ni\u00f1o contar\u00e1n con recursos del BID y el Banco Mundial, que se entregar\u00e1n desde enero. En cuanto a seguridad, sostuvo que organismos internacionales podr\u00e1n brindar apoyo, pues \u201centienden lo clave que significa (la seguridad) para derrotar la pobreza y combatir el desempleo\u201d.<\/p>\n\n\n\n<p>Estos recursos, aclar\u00f3, no ser\u00edan para la compra de armas. \u00bfQu\u00e9 perfil debe tener el pr\u00f3ximo Ministro de Econom\u00eda? Alberto Dahik se\u00f1al\u00f3 que esa cartera de Estado deber\u00e1 ser liderada por \u201cun ejecutor\u201d. Los contactos con organismos internacionales son muy importantes para el pa\u00eds y es lo que el pr\u00f3ximo Ministro necesitar\u00e1. Adem\u00e1s, record\u00f3 que cuando fue el segundo Mandatario, el empresario Mario Rivadeneira estuvo al frente del Ministerio de Econom\u00eda y, aunque no ten\u00eda un t\u00edtulo universitario, \u201cfue un brillante ministro\u201d<\/p>\n","protected":false},"excerpt":{"rendered":"<p>Alberto Dahik, exvicepresidente de la Rep\u00fablica, insisti\u00f3 en que no formar\u00e1 parte del gobierno de Daniel Noboa. \u201cHe recibido el pedido de asesorar, ser un consultor\u201d, dijo durante una entrevista para Contacto Directo. Explic\u00f3 que su presencia en Carondelet respondi\u00f3 a una solicitud especial del futuro Presidente y habl\u00f3 del porqu\u00e9 estuvo sentado a su derecha. \u201cA m\u00ed me tocaba ese puesto por protocolo como exvicepresidente. No es que yo estaba ah\u00ed porque era la persona m\u00e1s importante del equipo\u201d, asegur\u00f3. Tambi\u00e9n asegur\u00f3 que el presidente Noboa y sus ministros, en su momento, expondr\u00e1n su plan de Gobierno. Sin embargo, Dahik dio su criterio sobre la futura administraci\u00f3n. \u00bfCu\u00e1l es el principal problema que enfrentar\u00e1 Daniel Noboa? Para Alberto Dahik, el pa\u00eds no tiene gobernabilidad.<\/p>\n","protected":false},"author":1,"featured_media":7868,"comment_status":"open","ping_status":"open","sticky":false,"template":"","format":"standard","meta":{"footnotes":""},"categories":[54],"tags":[],"class_list":["post-7867","post","type-post","status-publish","format-standard","has-post-thumbnail","hentry","category-politica"],"_links":{"self":[{"href":"https:\/\/elmercuriomanta.ec\/index.php\/wp-json\/wp\/v2\/posts\/7867","targetHints":{"allow":["GET"]}}],"collection":[{"href":"https:\/\/elmercuriomanta.ec\/index.php\/wp-json\/wp\/v2\/posts"}],"about":[{"href":"https:\/\/elmercuriomanta.ec\/index.php\/wp-json\/wp\/v2\/types\/post"}],"author":[{"embeddable":true,"href":"https:\/\/elmercuriomanta.ec\/index.php\/wp-json\/wp\/v2\/users\/1"}],"replies":[{"embeddable":true,"href":"https:\/\/elmercuriomanta.ec\/index.php\/wp-json\/wp\/v2\/comments?post=7867"}],"version-history":[{"count":1,"href":"https:\/\/elmercuriomanta.ec\/index.php\/wp-json\/wp\/v2\/posts\/7867\/revisions"}],"predecessor-version":[{"id":7869,"href":"https:\/\/elmercuriomanta.ec\/index.php\/wp-json\/wp\/v2\/posts\/7867\/revisions\/7869"}],"wp:featuredmedia":[{"embeddable":true,"href":"https:\/\/elmercuriomanta.ec\/index.php\/wp-json\/wp\/v2\/media\/7868"}],"wp:attachment":[{"href":"https:\/\/elmercuriomanta.ec\/index.php\/wp-json\/wp\/v2\/media?parent=7867"}],"wp:term":[{"taxonomy":"category","embeddable":true,"href":"https:\/\/elmercuriomanta.ec\/index.php\/wp-json\/wp\/v2\/categories?post=7867"},{"taxonomy":"post_tag","embeddable":true,"href":"https:\/\/elmercuriomanta.ec\/index.php\/wp-json\/wp\/v2\/tags?post=7867"}],"curies":[{"name":"wp","href":"https:\/\/api.w.org\/{rel}","templated":true}]}}