{"id":7648,"date":"2023-10-20T13:05:34","date_gmt":"2023-10-20T18:05:34","guid":{"rendered":"https:\/\/elmercuriomanta.ec\/?p=7648"},"modified":"2023-10-20T14:54:06","modified_gmt":"2023-10-20T19:54:06","slug":"el-comite-tecnico-ciudadano-para-el-desarrollo-del-aeropuerto-eloy-alfaro-recibira-la-condecoracion-umina","status":"publish","type":"post","link":"https:\/\/elmercuriomanta.ec\/index.php\/2023\/10\/20\/el-comite-tecnico-ciudadano-para-el-desarrollo-del-aeropuerto-eloy-alfaro-recibira-la-condecoracion-umina\/","title":{"rendered":"El Comit\u00e9 T\u00e9cnico Ciudadano para el desarrollo del Aeropuerto Eloy Alfaro recibir\u00e1 la condecoraci\u00f3n Umi\u00f1a"},"content":{"rendered":"\n<div class=\"wp-block-columns is-layout-flex wp-container-core-columns-is-layout-28f84493 wp-block-columns-is-layout-flex\">\n<div class=\"wp-block-column is-layout-flow wp-block-column-is-layout-flow\" style=\"flex-basis:50%\">\n<figure class=\"wp-block-image size-full is-resized\"><img fetchpriority=\"high\" decoding=\"async\" width=\"895\" height=\"955\" src=\"https:\/\/elmercuriomanta.ec\/wp-content\/uploads\/2023\/10\/1.jpg\" alt=\"\" class=\"wp-image-7650\" style=\"aspect-ratio:0.93717277486911;width:331px;height:auto\" srcset=\"https:\/\/elmercuriomanta.ec\/wp-content\/uploads\/2023\/10\/1.jpg 895w, https:\/\/elmercuriomanta.ec\/wp-content\/uploads\/2023\/10\/1-281x300.jpg 281w, https:\/\/elmercuriomanta.ec\/wp-content\/uploads\/2023\/10\/1-768x819.jpg 768w\" sizes=\"(max-width: 895px) 100vw, 895px\" \/><\/figure>\n<\/div>\n\n\n\n<div class=\"wp-block-column is-layout-flow wp-block-column-is-layout-flow\" style=\"flex-basis:50%\">\n<figure class=\"wp-block-image size-full is-resized\"><img decoding=\"async\" width=\"816\" height=\"1024\" src=\"https:\/\/elmercuriomanta.ec\/wp-content\/uploads\/2023\/10\/image.jpeg\" alt=\"La imagen tiene un atributo ALT vac\u00edo; su nombre de archivo es 2.jpg\" class=\"wp-image-7652\" style=\"aspect-ratio:0.796875;width:277px;height:auto\" srcset=\"https:\/\/elmercuriomanta.ec\/wp-content\/uploads\/2023\/10\/image.jpeg 816w, https:\/\/elmercuriomanta.ec\/wp-content\/uploads\/2023\/10\/image-239x300.jpeg 239w, https:\/\/elmercuriomanta.ec\/wp-content\/uploads\/2023\/10\/image-768x964.jpeg 768w\" sizes=\"(max-width: 816px) 100vw, 816px\" \/><\/figure>\n<\/div>\n<\/div>\n\n\n\n<p>El 4 de Noviembre se llevara a cabo la Sesi\u00f3n solemne por los 101 cantonizaci\u00f3n de Manta. Se realizar\u00e1 en el Terminal de Cruceros de TPM a las 15H00.<\/p>\n\n\n\n<p>El Comit\u00e9 T\u00e9cnico Ciudadano para el Desarrollo del Aeropuerto Eloy Alfaro recibir\u00e1 la menci\u00f3n de honor   \u201cCondecoraci\u00f3n Umi\u00f1a\u201d, debido al arduo trabajo realizado. Esta es unas de las m\u00e1ximas condecoraciones que la ciudad otorga.<\/p>\n\n\n\n<div class=\"wp-block-columns is-layout-flex wp-container-core-columns-is-layout-28f84493 wp-block-columns-is-layout-flex\">\n<div class=\"wp-block-column is-layout-flow wp-block-column-is-layout-flow\" style=\"flex-basis:50%\">\n<figure class=\"wp-block-image size-full is-resized\"><img decoding=\"async\" width=\"945\" height=\"1024\" src=\"https:\/\/elmercuriomanta.ec\/wp-content\/uploads\/2023\/10\/image-245.png\" alt=\"\" class=\"wp-image-7656\" style=\"aspect-ratio:0.9228515625;width:300px;height:auto\" srcset=\"https:\/\/elmercuriomanta.ec\/wp-content\/uploads\/2023\/10\/image-245.png 945w, https:\/\/elmercuriomanta.ec\/wp-content\/uploads\/2023\/10\/image-245-277x300.png 277w, https:\/\/elmercuriomanta.ec\/wp-content\/uploads\/2023\/10\/image-245-768x832.png 768w\" sizes=\"(max-width: 945px) 100vw, 945px\" \/><\/figure>\n<\/div>\n\n\n\n<div class=\"wp-block-column is-layout-flow wp-block-column-is-layout-flow\" style=\"flex-basis:50%\">\n<figure class=\"wp-block-image size-large is-resized\"><img loading=\"lazy\" decoding=\"async\" width=\"1024\" height=\"576\" src=\"https:\/\/elmercuriomanta.ec\/wp-content\/uploads\/2023\/10\/hono-1-1024x576.jpg\" alt=\"\" class=\"wp-image-7658\" style=\"aspect-ratio:1.7777777777777777;width:567px;height:auto\" srcset=\"https:\/\/elmercuriomanta.ec\/wp-content\/uploads\/2023\/10\/hono-1-1024x576.jpg 1024w, https:\/\/elmercuriomanta.ec\/wp-content\/uploads\/2023\/10\/hono-1-300x169.jpg 300w, https:\/\/elmercuriomanta.ec\/wp-content\/uploads\/2023\/10\/hono-1-768x432.jpg 768w, https:\/\/elmercuriomanta.ec\/wp-content\/uploads\/2023\/10\/hono-1-1536x864.jpg 1536w, https:\/\/elmercuriomanta.ec\/wp-content\/uploads\/2023\/10\/hono-1.jpg 1600w\" sizes=\"(max-width: 1024px) 100vw, 1024px\" \/><\/figure>\n<\/div>\n<\/div>\n","protected":false},"excerpt":{"rendered":"<p>El 4 de Noviembre se llevara a cabo la Sesi\u00f3n solemne por los 101 cantonizaci\u00f3n de Manta. Se realizar\u00e1 en el Terminal de Cruceros de TPM a las 15H00.<\/p>\n","protected":false},"author":1,"featured_media":7653,"comment_status":"open","ping_status":"open","sticky":false,"template":"","format":"standard","meta":{"footnotes":""},"categories":[19],"tags":[38],"class_list":["post-7648","post","type-post","status-publish","format-standard","has-post-thumbnail","hentry","category-portada-1","tag-manta"],"_links":{"self":[{"href":"https:\/\/elmercuriomanta.ec\/index.php\/wp-json\/wp\/v2\/posts\/7648","targetHints":{"allow":["GET"]}}],"collection":[{"href":"https:\/\/elmercuriomanta.ec\/index.php\/wp-json\/wp\/v2\/posts"}],"about":[{"href":"https:\/\/elmercuriomanta.ec\/index.php\/wp-json\/wp\/v2\/types\/post"}],"author":[{"embeddable":true,"href":"https:\/\/elmercuriomanta.ec\/index.php\/wp-json\/wp\/v2\/users\/1"}],"replies":[{"embeddable":true,"href":"https:\/\/elmercuriomanta.ec\/index.php\/wp-json\/wp\/v2\/comments?post=7648"}],"version-history":[{"count":2,"href":"https:\/\/elmercuriomanta.ec\/index.php\/wp-json\/wp\/v2\/posts\/7648\/revisions"}],"predecessor-version":[{"id":7659,"href":"https:\/\/elmercuriomanta.ec\/index.php\/wp-json\/wp\/v2\/posts\/7648\/revisions\/7659"}],"wp:featuredmedia":[{"embeddable":true,"href":"https:\/\/elmercuriomanta.ec\/index.php\/wp-json\/wp\/v2\/media\/7653"}],"wp:attachment":[{"href":"https:\/\/elmercuriomanta.ec\/index.php\/wp-json\/wp\/v2\/media?parent=7648"}],"wp:term":[{"taxonomy":"category","embeddable":true,"href":"https:\/\/elmercuriomanta.ec\/index.php\/wp-json\/wp\/v2\/categories?post=7648"},{"taxonomy":"post_tag","embeddable":true,"href":"https:\/\/elmercuriomanta.ec\/index.php\/wp-json\/wp\/v2\/tags?post=7648"}],"curies":[{"name":"wp","href":"https:\/\/api.w.org\/{rel}","templated":true}]}}