{"id":7482,"date":"2023-10-18T11:56:03","date_gmt":"2023-10-18T16:56:03","guid":{"rendered":"https:\/\/elmercuriomanta.ec\/?p=7482"},"modified":"2023-10-18T11:56:06","modified_gmt":"2023-10-18T16:56:06","slug":"empate-amargo-para-la-tricolor","status":"publish","type":"post","link":"https:\/\/elmercuriomanta.ec\/index.php\/2023\/10\/18\/empate-amargo-para-la-tricolor\/","title":{"rendered":"Empate amargo para la tricolor"},"content":{"rendered":"\n<figure class=\"wp-block-image aligncenter size-full is-resized\"><img fetchpriority=\"high\" decoding=\"async\" width=\"563\" height=\"398\" src=\"https:\/\/elmercuriomanta.ec\/wp-content\/uploads\/2023\/10\/image-202.png\" alt=\"\" class=\"wp-image-7483\" style=\"aspect-ratio:1.414572864321608;width:350px;height:auto\" srcset=\"https:\/\/elmercuriomanta.ec\/wp-content\/uploads\/2023\/10\/image-202.png 563w, https:\/\/elmercuriomanta.ec\/wp-content\/uploads\/2023\/10\/image-202-300x212.png 300w\" sizes=\"(max-width: 563px) 100vw, 563px\" \/><\/figure>\n\n\n\n<p>La Tri no pudo cerrar con triunfo la doble fecha de Eliminatorias Sudamericanas. La Selecci\u00f3n de Ecuador y la selecci\u00f3n de Colombia empataron 0 a 0 en el estadio Rodrigo Paz Delgado de Quito por la fecha 4, camino al Mundial 2026 que organizar\u00e1n Estados Unidos, M\u00e9xico y Canad\u00e1. Mois\u00e9s Ram\u00edrez le ataj\u00f3 un penal a Luis D\u00edaz y le anularon dos goles por offside a la visita. Los de S\u00e1nchez Bas suman 4 puntos.<\/p>\n\n\n\n<p>Ecuador tuvo un buen primer tiempo. Busc\u00f3 opciones y pudo ponerse en ventaja, gracias a una pelota que Kevin Rodr\u00edguez estrell\u00f3 en el poste. Colombia, por su parte, hizo un partido inteligente y gener\u00f3 peligro cuando pudo. Pero la din\u00e1mica fue distinta en el complemento. La visita mejor\u00f3 su juego y le impidi\u00f3 al equipo de F\u00e9lix S\u00e1nchez Bas mantener la posesi\u00f3n del bal\u00f3n.<\/p>\n\n\n\n<p>Dos acciones puntuales casi dejan a la Selecci\u00f3n sin puntos en casa. La falta de Jhoanner Ch\u00e1vez sobre Jhon Arias que termin\u00f3 en penal, pero Mois\u00e9s Ram\u00edrez salv\u00f3 con su atajada. La segunda ocasi\u00f3n fue el gol de Carlos Cuesta que, por suerte para Ecuador, fue anulado por el VAR, por una posici\u00f3n adelantada<\/p>\n","protected":false},"excerpt":{"rendered":"<p>La Tri no pudo cerrar con triunfo la doble fecha de Eliminatorias Sudamericanas. La Selecci\u00f3n de Ecuador y la selecci\u00f3n de Colombia empataron 0 a 0 en el estadio Rodrigo Paz Delgado de Quito por la fecha 4, camino al Mundial 2026 que organizar\u00e1n Estados Unidos, M\u00e9xico y Canad\u00e1. Mois\u00e9s Ram\u00edrez le ataj\u00f3 un penal a Luis D\u00edaz y le anularon dos goles por offside a la visita. Los de S\u00e1nchez Bas suman 4 puntos.<\/p>\n","protected":false},"author":1,"featured_media":7483,"comment_status":"open","ping_status":"open","sticky":false,"template":"","format":"standard","meta":{"footnotes":""},"categories":[9,1],"tags":[14,23],"class_list":["post-7482","post","type-post","status-publish","format-standard","has-post-thumbnail","hentry","category-deportes","category-uncategorized","tag-deportes","tag-ecuador"],"_links":{"self":[{"href":"https:\/\/elmercuriomanta.ec\/index.php\/wp-json\/wp\/v2\/posts\/7482","targetHints":{"allow":["GET"]}}],"collection":[{"href":"https:\/\/elmercuriomanta.ec\/index.php\/wp-json\/wp\/v2\/posts"}],"about":[{"href":"https:\/\/elmercuriomanta.ec\/index.php\/wp-json\/wp\/v2\/types\/post"}],"author":[{"embeddable":true,"href":"https:\/\/elmercuriomanta.ec\/index.php\/wp-json\/wp\/v2\/users\/1"}],"replies":[{"embeddable":true,"href":"https:\/\/elmercuriomanta.ec\/index.php\/wp-json\/wp\/v2\/comments?post=7482"}],"version-history":[{"count":2,"href":"https:\/\/elmercuriomanta.ec\/index.php\/wp-json\/wp\/v2\/posts\/7482\/revisions"}],"predecessor-version":[{"id":7488,"href":"https:\/\/elmercuriomanta.ec\/index.php\/wp-json\/wp\/v2\/posts\/7482\/revisions\/7488"}],"wp:featuredmedia":[{"embeddable":true,"href":"https:\/\/elmercuriomanta.ec\/index.php\/wp-json\/wp\/v2\/media\/7483"}],"wp:attachment":[{"href":"https:\/\/elmercuriomanta.ec\/index.php\/wp-json\/wp\/v2\/media?parent=7482"}],"wp:term":[{"taxonomy":"category","embeddable":true,"href":"https:\/\/elmercuriomanta.ec\/index.php\/wp-json\/wp\/v2\/categories?post=7482"},{"taxonomy":"post_tag","embeddable":true,"href":"https:\/\/elmercuriomanta.ec\/index.php\/wp-json\/wp\/v2\/tags?post=7482"}],"curies":[{"name":"wp","href":"https:\/\/api.w.org\/{rel}","templated":true}]}}