{"id":7431,"date":"2023-10-17T11:01:16","date_gmt":"2023-10-17T16:01:16","guid":{"rendered":"https:\/\/elmercuriomanta.ec\/?p=7431"},"modified":"2023-10-17T11:01:18","modified_gmt":"2023-10-17T16:01:18","slug":"ue-condena-ataques-de-hamas-y-llama-la-atencion-a-israel","status":"publish","type":"post","link":"https:\/\/elmercuriomanta.ec\/index.php\/2023\/10\/17\/ue-condena-ataques-de-hamas-y-llama-la-atencion-a-israel\/","title":{"rendered":"UE condena ataques de Ham\u00e1s y llama la atenci\u00f3n a Israel"},"content":{"rendered":"\n<figure class=\"wp-block-image aligncenter size-large is-resized\"><img fetchpriority=\"high\" decoding=\"async\" width=\"1024\" height=\"650\" src=\"https:\/\/elmercuriomanta.ec\/wp-content\/uploads\/2023\/10\/image-193-1024x650.png\" alt=\"\" class=\"wp-image-7432\" style=\"aspect-ratio:1.5748344370860927;width:399px;height:auto\" srcset=\"https:\/\/elmercuriomanta.ec\/wp-content\/uploads\/2023\/10\/image-193-1024x650.png 1024w, https:\/\/elmercuriomanta.ec\/wp-content\/uploads\/2023\/10\/image-193-300x190.png 300w, https:\/\/elmercuriomanta.ec\/wp-content\/uploads\/2023\/10\/image-193-768x488.png 768w, https:\/\/elmercuriomanta.ec\/wp-content\/uploads\/2023\/10\/image-193.png 1189w\" sizes=\"(max-width: 1024px) 100vw, 1024px\" \/><\/figure>\n\n\n\n<p>Los Veintisiete miembros de la UE publicaron este 15 de octubre de 2023 su nueva posici\u00f3n com\u00fan sobre la guerra en Gaza entre Ham\u00e1s e Israel; un conflicto marcado en los \u00faltimos d\u00edas por las advertencias del Ej\u00e9rcito israel\u00ed a la poblaci\u00f3n del norte del enclave para que abandone sus hogares en direcci\u00f3n sur, en lo que la ONU y la propia Uni\u00f3n Europea consideran una pr\u00e1ctica ilegal de desplazamiento forzado. En su declaraci\u00f3n, los estados miembro del Consejo Europeo \u201ccondena en los t\u00e9rminos m\u00e1s contundentes los brutales e indiscriminados ataques terroristas de Ham\u00e1s por todo Israel y deplora profundamente la p\u00e9rdida de vidas\u201d. \u201cNo hay justificaci\u00f3n para el terror\u201d, a\u00f1aden en su declaraci\u00f3n.<\/p>\n\n\n\n<p>Asimismo, los Veintisiete exigen a Ham\u00e1s la liberaci\u00f3n inmediata de todos los rehenes\u00bb que tiene en su poder, en torno a unas 130 personas, seg\u00fan las estimaciones del Ej\u00e9rcito israel\u00ed. Ayuda humanitaria Siguiendo con la actual situaci\u00f3n humanitaria en Gaza, los pa\u00edses de la UE \u00abreiteran la importancia de proporcionar ayuda humanitaria urgente\u00bb y se declara dispuesto a \u201cseguir respaldando a aquellos civiles de Gaza m\u00e1s necesitados en coordinaci\u00f3n con sus aliados\u201d. Una de las intenciones primordiales, a\u00f1aden, es la de garantizar \u00abque las organizaciones terroristas no abusan de esta asistencia\u00bb.<\/p>\n\n\n\n<p>Por \u00faltimo, se declaran todav\u00eda comprometidos con una soluci\u00f3n duradera y sostenible basada en la coexistencia de dos estados a trav\u00e9s de \u201crevitalizados esfuerzos para reiniciar el proceso de paz en Oriente Pr\u00f3ximo\u201d. Dicha ayuda debe llegar del exterior y, por tanto, ha reclamado la reapertura de los pasos fronterizos para que los civiles puedan recibir la asistencia de manera inmediata.<\/p>\n\n\n\n<p>EUROPA PRESS Israel reacciona a declaraciones de Gustavo Petro El Gobierno de Israel ha anunciado la suspensi\u00f3n de las exportaciones de equipos de seguridad a Colombia como represalia por las \u201cdeclaraciones hostiles y antisemitas\u201d del presidente colombiano, Gustavo Petro, que ha equiparado las acciones israel\u00edes sobre la Franja de Gaza con las de la Alemania nazi. El Ministerio de Exteriores israel\u00ed ha convocado este domingo a la embajadora de Colombia, Margarita Manjarrez, para trasladarle personalmente un malestar que, en t\u00e9rminos pr\u00e1cticos, ya se ha traducido en una revisi\u00f3n de la cooperaci\u00f3n pol\u00edtica entre los dos pa\u00edses.<\/p>\n","protected":false},"excerpt":{"rendered":"<p>Los Veintisiete miembros de la UE publicaron este 15 de octubre de 2023 su nueva posici\u00f3n com\u00fan sobre la guerra en Gaza entre Ham\u00e1s e Israel; un conflicto marcado en los \u00faltimos d\u00edas por las advertencias del Ej\u00e9rcito israel\u00ed a la poblaci\u00f3n del norte del enclave para que abandone sus hogares en direcci\u00f3n sur, en lo que la ONU y la propia Uni\u00f3n Europea consideran una pr\u00e1ctica ilegal de desplazamiento forzado. En su declaraci\u00f3n, los estados miembro del Consejo Europeo \u201ccondena en los t\u00e9rminos m\u00e1s contundentes los brutales e indiscriminados ataques terroristas de Ham\u00e1s por todo Israel y deplora profundamente la p\u00e9rdida de vidas\u201d. \u201cNo hay justificaci\u00f3n para el terror\u201d, a\u00f1aden en su declaraci\u00f3n.<\/p>\n","protected":false},"author":1,"featured_media":7432,"comment_status":"open","ping_status":"open","sticky":false,"template":"","format":"standard","meta":{"footnotes":""},"categories":[8],"tags":[],"class_list":["post-7431","post","type-post","status-publish","format-standard","has-post-thumbnail","hentry","category-internacional"],"_links":{"self":[{"href":"https:\/\/elmercuriomanta.ec\/index.php\/wp-json\/wp\/v2\/posts\/7431","targetHints":{"allow":["GET"]}}],"collection":[{"href":"https:\/\/elmercuriomanta.ec\/index.php\/wp-json\/wp\/v2\/posts"}],"about":[{"href":"https:\/\/elmercuriomanta.ec\/index.php\/wp-json\/wp\/v2\/types\/post"}],"author":[{"embeddable":true,"href":"https:\/\/elmercuriomanta.ec\/index.php\/wp-json\/wp\/v2\/users\/1"}],"replies":[{"embeddable":true,"href":"https:\/\/elmercuriomanta.ec\/index.php\/wp-json\/wp\/v2\/comments?post=7431"}],"version-history":[{"count":1,"href":"https:\/\/elmercuriomanta.ec\/index.php\/wp-json\/wp\/v2\/posts\/7431\/revisions"}],"predecessor-version":[{"id":7433,"href":"https:\/\/elmercuriomanta.ec\/index.php\/wp-json\/wp\/v2\/posts\/7431\/revisions\/7433"}],"wp:featuredmedia":[{"embeddable":true,"href":"https:\/\/elmercuriomanta.ec\/index.php\/wp-json\/wp\/v2\/media\/7432"}],"wp:attachment":[{"href":"https:\/\/elmercuriomanta.ec\/index.php\/wp-json\/wp\/v2\/media?parent=7431"}],"wp:term":[{"taxonomy":"category","embeddable":true,"href":"https:\/\/elmercuriomanta.ec\/index.php\/wp-json\/wp\/v2\/categories?post=7431"},{"taxonomy":"post_tag","embeddable":true,"href":"https:\/\/elmercuriomanta.ec\/index.php\/wp-json\/wp\/v2\/tags?post=7431"}],"curies":[{"name":"wp","href":"https:\/\/api.w.org\/{rel}","templated":true}]}}