{"id":72061,"date":"2026-09-05T13:48:57","date_gmt":"2026-09-05T18:48:57","guid":{"rendered":"https:\/\/elmercuriomanta.ec\/?p=72061"},"modified":"2026-09-05T13:48:57","modified_gmt":"2026-09-05T18:48:57","slug":"roca-fuerte-se-prepara-para-la-carrera-5k-por-la-sostenibilidad","status":"publish","type":"post","link":"https:\/\/elmercuriomanta.ec\/index.php\/2026\/09\/05\/roca-fuerte-se-prepara-para-la-carrera-5k-por-la-sostenibilidad\/","title":{"rendered":"ROCA FUERTE SE PREPARA PARA LA CARRERA 5K POR LA SOSTENIBILIDAD"},"content":{"rendered":"\n<figure class=\"wp-block-image aligncenter size-full is-resized\"><img fetchpriority=\"high\" decoding=\"async\" width=\"500\" height=\"400\" src=\"https:\/\/elmercuriomanta.ec\/wp-content\/uploads\/2026\/09\/image-66.png\" alt=\"\" class=\"wp-image-72062\" style=\"width:398px;height:auto\" srcset=\"https:\/\/elmercuriomanta.ec\/wp-content\/uploads\/2026\/09\/image-66.png 500w, https:\/\/elmercuriomanta.ec\/wp-content\/uploads\/2026\/09\/image-66-300x240.png 300w\" sizes=\"(max-width: 500px) 100vw, 500px\" \/><\/figure>\n\n\n\n<p class=\"wp-block-paragraph\">El pr\u00f3ximo s\u00e1bado 12 de septiembre, Rocafuerte ser\u00e1 escenario de la Carrera 5K por la Sostenibilidad, organizada por la Fundaci\u00f3n Mundo Sostenible con el prop\u00f3sito de recaudar fondos para continuar con proyectos de desarrollo en comunidades rurales del cant\u00f3n. El recorrido comenzar\u00e1 en la comunidad Paquisha, frente a la escuela, y finalizar\u00e1 en el Parque Central de Rocafuerte, despu\u00e9s de completar cinco kil\u00f3metros. El valor de inscripci\u00f3n es de USD 10 e incluye camiseta oficial, bolso ecol\u00f3gico reutilizable, tomatodo met\u00e1lico, frutas y servicio de fisioterapia para la recuperaci\u00f3n, adem\u00e1s de la medalla de participaci\u00f3n al cruzar la meta.<\/p>\n\n\n\n<p class=\"wp-block-paragraph\">Las inscripciones permanecer\u00e1n abiertas hasta el 3 de septiembre y se pueden realizar mediante el c\u00f3digo QR publicado en las redes sociales oficiales de la Fundaci\u00f3n Mundo Sostenible. La organizaci\u00f3n invita a corredores de Rocafuerte, otros cantones de Manab\u00ed y distintas provincias del pa\u00eds a sumarse a esta iniciativa. Inscr\u00edbete hasta el 3 de septiembre y corre por una causa que contribuye al desarrollo de las comunidades rurales.<\/p>\n\n\n\n<p class=\"wp-block-paragraph\">CATEGOR\u00cdAS La 5K tendr\u00e1 cuatro categor\u00edas competitivas y una modalidad recreativa<\/p>\n\n\n\n<p class=\"wp-block-paragraph\">\u2022 Infantil: hasta 13 a\u00f1os.<\/p>\n\n\n\n<p class=\"wp-block-paragraph\">\u2022 Juvenil: hasta 18 a\u00f1os.<\/p>\n\n\n\n<p class=\"wp-block-paragraph\">\u2022 Adultos: hasta 29 a\u00f1os.<\/p>\n\n\n\n<p class=\"wp-block-paragraph\">\u2022 M\u00e1ster: desde 30 a\u00f1os.<\/p>\n\n\n\n<p class=\"wp-block-paragraph\">\u2022 Adulto mayor: desde 65 a\u00f1os, en modalidad caminata recreativa.<\/p>\n\n\n\n<p class=\"wp-block-paragraph\"><\/p>\n","protected":false},"excerpt":{"rendered":"<p>El pr\u00f3ximo s\u00e1bado 12 de septiembre, Rocafuerte ser\u00e1 escenario de la Carrera 5K por la Sostenibilidad, organizada por la Fundaci\u00f3n Mundo Sostenible con el prop\u00f3sito de recaudar fondos para continuar con proyectos de desarrollo en comunidades rurales del cant\u00f3n. El recorrido comenzar\u00e1 en la comunidad Paquisha, frente a la escuela, y finalizar\u00e1 en el Parque Central de Rocafuerte, despu\u00e9s de completar cinco kil\u00f3metros. El valor de inscripci\u00f3n es de USD 10 e incluye camiseta oficial, bolso ecol\u00f3gico reutilizable, tomatodo met\u00e1lico, frutas y servicio de fisioterapia para la recuperaci\u00f3n, adem\u00e1s de la medalla de participaci\u00f3n al cruzar la meta.<\/p>\n<p>Las inscripciones permanecer\u00e1n abiertas hasta el 3 de septiembre y se pueden realizar mediante el c\u00f3digo QR publicado en las redes sociales oficiales de la Fundaci\u00f3n Mundo Sostenible. La organizaci\u00f3n invita a corredores de Rocafuerte, otros cantones de Manab\u00ed y distintas provincias del pa\u00eds a sumarse a esta iniciativa. Inscr\u00edbete hasta el 3 de septiembre y corre por una causa que contribuye al desarrollo de las comunidades rurales.<\/p>\n<p>CATEGOR\u00cdAS La 5K tendr\u00e1 cuatro categor\u00edas competitivas y una modalidad recreativa<\/p>\n<p>\u2022 Infantil: hasta 13 a\u00f1os.<\/p>\n<p>\u2022 Juvenil: hasta 18 a\u00f1os.<\/p>\n<p>\u2022 Adultos: hasta 29 a\u00f1os.<\/p>\n<p>\u2022 M\u00e1ster: desde 30 a\u00f1os.<\/p>\n<p>\u2022 Adulto mayor: desde 65 a\u00f1os, en modalidad caminata recreativa.<\/p>\n","protected":false},"author":12,"featured_media":72062,"comment_status":"open","ping_status":"open","sticky":false,"template":"","format":"standard","meta":{"footnotes":""},"categories":[9],"tags":[],"class_list":["post-72061","post","type-post","status-publish","format-standard","has-post-thumbnail","hentry","category-deportes"],"_links":{"self":[{"href":"https:\/\/elmercuriomanta.ec\/index.php\/wp-json\/wp\/v2\/posts\/72061","targetHints":{"allow":["GET"]}}],"collection":[{"href":"https:\/\/elmercuriomanta.ec\/index.php\/wp-json\/wp\/v2\/posts"}],"about":[{"href":"https:\/\/elmercuriomanta.ec\/index.php\/wp-json\/wp\/v2\/types\/post"}],"author":[{"embeddable":true,"href":"https:\/\/elmercuriomanta.ec\/index.php\/wp-json\/wp\/v2\/users\/12"}],"replies":[{"embeddable":true,"href":"https:\/\/elmercuriomanta.ec\/index.php\/wp-json\/wp\/v2\/comments?post=72061"}],"version-history":[{"count":1,"href":"https:\/\/elmercuriomanta.ec\/index.php\/wp-json\/wp\/v2\/posts\/72061\/revisions"}],"predecessor-version":[{"id":72063,"href":"https:\/\/elmercuriomanta.ec\/index.php\/wp-json\/wp\/v2\/posts\/72061\/revisions\/72063"}],"wp:featuredmedia":[{"embeddable":true,"href":"https:\/\/elmercuriomanta.ec\/index.php\/wp-json\/wp\/v2\/media\/72062"}],"wp:attachment":[{"href":"https:\/\/elmercuriomanta.ec\/index.php\/wp-json\/wp\/v2\/media?parent=72061"}],"wp:term":[{"taxonomy":"category","embeddable":true,"href":"https:\/\/elmercuriomanta.ec\/index.php\/wp-json\/wp\/v2\/categories?post=72061"},{"taxonomy":"post_tag","embeddable":true,"href":"https:\/\/elmercuriomanta.ec\/index.php\/wp-json\/wp\/v2\/tags?post=72061"}],"curies":[{"name":"wp","href":"https:\/\/api.w.org\/{rel}","templated":true}]}}