{"id":72055,"date":"2026-09-05T13:31:01","date_gmt":"2026-09-05T18:31:01","guid":{"rendered":"https:\/\/elmercuriomanta.ec\/?p=72055"},"modified":"2026-09-05T13:31:01","modified_gmt":"2026-09-05T18:31:01","slug":"mas-de-50-000-personas-protestan-en-madrid-contra-pedro-sanchez-por-crisis-en-ceuta","status":"publish","type":"post","link":"https:\/\/elmercuriomanta.ec\/index.php\/2026\/09\/05\/mas-de-50-000-personas-protestan-en-madrid-contra-pedro-sanchez-por-crisis-en-ceuta\/","title":{"rendered":"M\u00c1S DE 50.000 PERSONAS PROTESTAN EN MADRID CONTRA PEDRO S\u00c1NCHEZ POR CRISIS EN CEUTA"},"content":{"rendered":"\n<figure class=\"wp-block-image aligncenter size-full is-resized\"><img fetchpriority=\"high\" decoding=\"async\" width=\"739\" height=\"415\" src=\"https:\/\/elmercuriomanta.ec\/wp-content\/uploads\/2026\/09\/image-64.png\" alt=\"\" class=\"wp-image-72056\" style=\"width:498px;height:auto\" srcset=\"https:\/\/elmercuriomanta.ec\/wp-content\/uploads\/2026\/09\/image-64.png 739w, https:\/\/elmercuriomanta.ec\/wp-content\/uploads\/2026\/09\/image-64-300x168.png 300w\" sizes=\"(max-width: 739px) 100vw, 739px\" \/><\/figure>\n\n\n\n<p class=\"wp-block-paragraph\">Miles de personas se movilizaron el 3 de septiembre de 2026 en varias ciudades de Espa\u00f1a para cuestionar la gesti\u00f3n del Gobierno de Pedro S\u00e1nchez frente a la crisis migratoria en Ceuta. En Madrid, m\u00e1s de 50.000 personas participaron en la manifestaci\u00f3n, seg\u00fan cifras oficiales. Las protestas fueron promovidas por ayuntamientos del Partido Popular (PP) y Vox, cuyos dirigentes responsabilizaron al Ejecutivo y exigieron la dimisi\u00f3n de S\u00e1nchez.<\/p>\n\n\n\n<p class=\"wp-block-paragraph\">La presi\u00f3n aument\u00f3 despu\u00e9s de que 72.000 migrantes cruzaran de Marruecos a Ceuta entre el 30 y 31 de julio. La mayor\u00eda regres\u00f3, pero unos 5.000 permanecen en la ciudad. Durante la protesta en Madrid, Alberto N\u00fa\u00f1ez Feij\u00f3o calific\u00f3 lo ocurrido como una \u00abocupaci\u00f3n\u00bb. S\u00e1nchez atribuy\u00f3 la llegada masiva a redes de tr\u00e1fico y desinformaci\u00f3n en internet, y rechaz\u00f3 las acusaciones de abandono. La crisis mantiene la tensi\u00f3n entre el Gobierno central, Ceuta y Marruecos, mientras la oposici\u00f3n exige medidas fronterizas y atenci\u00f3n para los migrantes que siguen en el enclave espa\u00f1ol.<\/p>\n","protected":false},"excerpt":{"rendered":"<p>Miles de personas se movilizaron el 3 de septiembre de 2026 en varias ciudades de Espa\u00f1a para cuestionar la gesti\u00f3n del Gobierno de Pedro S\u00e1nchez frente a la crisis migratoria en Ceuta. En Madrid, m\u00e1s de 50.000 personas participaron en la manifestaci\u00f3n, seg\u00fan cifras oficiales. Las protestas fueron promovidas por ayuntamientos del Partido Popular (PP) y Vox, cuyos dirigentes responsabilizaron al Ejecutivo y exigieron la dimisi\u00f3n de S\u00e1nchez.<\/p>\n<p>La presi\u00f3n aument\u00f3 despu\u00e9s de que 72.000 migrantes cruzaran de Marruecos a Ceuta entre el 30 y 31 de julio. La mayor\u00eda regres\u00f3, pero unos 5.000 permanecen en la ciudad. Durante la protesta en Madrid, Alberto N\u00fa\u00f1ez Feij\u00f3o calific\u00f3 lo ocurrido como una \u00abocupaci\u00f3n\u00bb. S\u00e1nchez atribuy\u00f3 la llegada masiva a redes de tr\u00e1fico y desinformaci\u00f3n en internet, y rechaz\u00f3 las acusaciones de abandono. La crisis mantiene la tensi\u00f3n entre el Gobierno central, Ceuta y Marruecos, mientras la oposici\u00f3n exige medidas fronterizas y atenci\u00f3n para los migrantes que siguen en el enclave espa\u00f1ol.<\/p>\n","protected":false},"author":12,"featured_media":72056,"comment_status":"open","ping_status":"open","sticky":false,"template":"","format":"standard","meta":{"footnotes":""},"categories":[8],"tags":[],"class_list":["post-72055","post","type-post","status-publish","format-standard","has-post-thumbnail","hentry","category-internacional"],"_links":{"self":[{"href":"https:\/\/elmercuriomanta.ec\/index.php\/wp-json\/wp\/v2\/posts\/72055","targetHints":{"allow":["GET"]}}],"collection":[{"href":"https:\/\/elmercuriomanta.ec\/index.php\/wp-json\/wp\/v2\/posts"}],"about":[{"href":"https:\/\/elmercuriomanta.ec\/index.php\/wp-json\/wp\/v2\/types\/post"}],"author":[{"embeddable":true,"href":"https:\/\/elmercuriomanta.ec\/index.php\/wp-json\/wp\/v2\/users\/12"}],"replies":[{"embeddable":true,"href":"https:\/\/elmercuriomanta.ec\/index.php\/wp-json\/wp\/v2\/comments?post=72055"}],"version-history":[{"count":1,"href":"https:\/\/elmercuriomanta.ec\/index.php\/wp-json\/wp\/v2\/posts\/72055\/revisions"}],"predecessor-version":[{"id":72057,"href":"https:\/\/elmercuriomanta.ec\/index.php\/wp-json\/wp\/v2\/posts\/72055\/revisions\/72057"}],"wp:featuredmedia":[{"embeddable":true,"href":"https:\/\/elmercuriomanta.ec\/index.php\/wp-json\/wp\/v2\/media\/72056"}],"wp:attachment":[{"href":"https:\/\/elmercuriomanta.ec\/index.php\/wp-json\/wp\/v2\/media?parent=72055"}],"wp:term":[{"taxonomy":"category","embeddable":true,"href":"https:\/\/elmercuriomanta.ec\/index.php\/wp-json\/wp\/v2\/categories?post=72055"},{"taxonomy":"post_tag","embeddable":true,"href":"https:\/\/elmercuriomanta.ec\/index.php\/wp-json\/wp\/v2\/tags?post=72055"}],"curies":[{"name":"wp","href":"https:\/\/api.w.org\/{rel}","templated":true}]}}