{"id":72049,"date":"2026-09-05T11:15:33","date_gmt":"2026-09-05T16:15:33","guid":{"rendered":"https:\/\/elmercuriomanta.ec\/?p=72049"},"modified":"2026-09-05T11:15:33","modified_gmt":"2026-09-05T16:15:33","slug":"alias-alejo-objetivo-de-alto-valor-de-ecuador-fue-detenido-en-colombia","status":"publish","type":"post","link":"https:\/\/elmercuriomanta.ec\/index.php\/2026\/09\/05\/alias-alejo-objetivo-de-alto-valor-de-ecuador-fue-detenido-en-colombia\/","title":{"rendered":"ALIAS \u201cALEJO \u201d, OBJETIVO DE ALTO VALOR DE ECUADOR, FUE DETENIDO EN COLOMBIA"},"content":{"rendered":"\n<figure class=\"wp-block-image aligncenter size-full is-resized\"><img fetchpriority=\"high\" decoding=\"async\" width=\"600\" height=\"405\" src=\"https:\/\/elmercuriomanta.ec\/wp-content\/uploads\/2026\/09\/image-62.png\" alt=\"\" class=\"wp-image-72050\" style=\"width:446px;height:auto\" srcset=\"https:\/\/elmercuriomanta.ec\/wp-content\/uploads\/2026\/09\/image-62.png 600w, https:\/\/elmercuriomanta.ec\/wp-content\/uploads\/2026\/09\/image-62-300x203.png 300w\" sizes=\"(max-width: 600px) 100vw, 600px\" \/><\/figure>\n\n\n\n<p class=\"wp-block-paragraph\">La Polic\u00eda Nacional de Ecuador, con apoyo de Colombia e Interpol, captur\u00f3 en Puerto As\u00eds, Putumayo, a alias \u201cAlejo\u201d, requerido por secuestro extorsivo. El ministro del Interior, John Reimberg, inform\u00f3 que ten\u00eda Notificaci\u00f3n Roja y era buscado por el secuestro de Vidal Salinas Sarmiento, hotelero de Sucumb\u00edos, ocurrido en 2019. Salinas sigue desaparecido. \u201cAlejo\u201d habr\u00eda usado doble identidad ecuatoriana y colombiana para evadir a las autoridades y movilizarse entre ambos pa\u00edses.<\/p>\n\n\n\n<p class=\"wp-block-paragraph\">Es se\u00f1alado como mando medio de los Comandos de la Frontera, grupo armado con presencia en Putumayo y la frontera con Ecuador, vinculado al narcotr\u00e1fico, control de zonas cocaleras y traslado de droga hacia Ecuador y Brasil. En Ecuador, esta estructura ha sido investigada por tr\u00e1fico de drogas, armas y lavado de activos. En julio de 2025, trece de sus integrantes fueron sentenciados por delincuencia organizada. Reimberg destac\u00f3 que la captura fue posible gracias al intercambio de informaci\u00f3n y coordinaci\u00f3n binacional. El detenido qued\u00f3 a disposici\u00f3n de la justicia ecuatoriana, mientras contin\u00faan las acciones contra el crimen organizado en la frontera.<\/p>\n","protected":false},"excerpt":{"rendered":"<p>La Polic\u00eda Nacional de Ecuador, con apoyo de Colombia e Interpol, captur\u00f3 en Puerto As\u00eds, Putumayo, a alias \u201cAlejo\u201d, requerido por secuestro extorsivo. El ministro del Interior, John Reimberg, inform\u00f3 que ten\u00eda Notificaci\u00f3n Roja y era buscado por el secuestro de Vidal Salinas Sarmiento, hotelero de Sucumb\u00edos, ocurrido en 2019. Salinas sigue desaparecido. \u201cAlejo\u201d habr\u00eda usado doble identidad ecuatoriana y colombiana para evadir a las autoridades y movilizarse entre ambos pa\u00edses.<\/p>\n<p>Es se\u00f1alado como mando medio de los Comandos de la Frontera, grupo armado con presencia en Putumayo y la frontera con Ecuador, vinculado al narcotr\u00e1fico, control de zonas cocaleras y traslado de droga hacia Ecuador y Brasil. En Ecuador, esta estructura ha sido investigada por tr\u00e1fico de drogas, armas y lavado de activos. En julio de 2025, trece de sus integrantes fueron sentenciados por delincuencia organizada. Reimberg destac\u00f3 que la captura fue posible gracias al intercambio de informaci\u00f3n y coordinaci\u00f3n binacional. El detenido qued\u00f3 a disposici\u00f3n de la justicia ecuatoriana, mientras contin\u00faan las acciones contra el crimen organizado en la frontera.<\/p>\n","protected":false},"author":12,"featured_media":72050,"comment_status":"open","ping_status":"open","sticky":false,"template":"","format":"standard","meta":{"footnotes":""},"categories":[16],"tags":[],"class_list":["post-72049","post","type-post","status-publish","format-standard","has-post-thumbnail","hentry","category-cronica"],"_links":{"self":[{"href":"https:\/\/elmercuriomanta.ec\/index.php\/wp-json\/wp\/v2\/posts\/72049","targetHints":{"allow":["GET"]}}],"collection":[{"href":"https:\/\/elmercuriomanta.ec\/index.php\/wp-json\/wp\/v2\/posts"}],"about":[{"href":"https:\/\/elmercuriomanta.ec\/index.php\/wp-json\/wp\/v2\/types\/post"}],"author":[{"embeddable":true,"href":"https:\/\/elmercuriomanta.ec\/index.php\/wp-json\/wp\/v2\/users\/12"}],"replies":[{"embeddable":true,"href":"https:\/\/elmercuriomanta.ec\/index.php\/wp-json\/wp\/v2\/comments?post=72049"}],"version-history":[{"count":1,"href":"https:\/\/elmercuriomanta.ec\/index.php\/wp-json\/wp\/v2\/posts\/72049\/revisions"}],"predecessor-version":[{"id":72051,"href":"https:\/\/elmercuriomanta.ec\/index.php\/wp-json\/wp\/v2\/posts\/72049\/revisions\/72051"}],"wp:featuredmedia":[{"embeddable":true,"href":"https:\/\/elmercuriomanta.ec\/index.php\/wp-json\/wp\/v2\/media\/72050"}],"wp:attachment":[{"href":"https:\/\/elmercuriomanta.ec\/index.php\/wp-json\/wp\/v2\/media?parent=72049"}],"wp:term":[{"taxonomy":"category","embeddable":true,"href":"https:\/\/elmercuriomanta.ec\/index.php\/wp-json\/wp\/v2\/categories?post=72049"},{"taxonomy":"post_tag","embeddable":true,"href":"https:\/\/elmercuriomanta.ec\/index.php\/wp-json\/wp\/v2\/tags?post=72049"}],"curies":[{"name":"wp","href":"https:\/\/api.w.org\/{rel}","templated":true}]}}