{"id":72046,"date":"2026-09-05T11:05:29","date_gmt":"2026-09-05T16:05:29","guid":{"rendered":"https:\/\/elmercuriomanta.ec\/?p=72046"},"modified":"2026-09-05T11:05:29","modified_gmt":"2026-09-05T16:05:29","slug":"hallan-con-vida-en-cuenca-a-dos-adolescentes-desaparecidas-en-azogues","status":"publish","type":"post","link":"https:\/\/elmercuriomanta.ec\/index.php\/2026\/09\/05\/hallan-con-vida-en-cuenca-a-dos-adolescentes-desaparecidas-en-azogues\/","title":{"rendered":"HALLAN CON VIDA EN CUENCA A DOS ADOLESCENTES DESAPARECIDAS EN AZOGUES"},"content":{"rendered":"\n<figure class=\"wp-block-image aligncenter size-full is-resized\"><img fetchpriority=\"high\" decoding=\"async\" width=\"600\" height=\"405\" src=\"https:\/\/elmercuriomanta.ec\/wp-content\/uploads\/2026\/09\/image-61.png\" alt=\"\" class=\"wp-image-72047\" style=\"width:436px;height:auto\" srcset=\"https:\/\/elmercuriomanta.ec\/wp-content\/uploads\/2026\/09\/image-61.png 600w, https:\/\/elmercuriomanta.ec\/wp-content\/uploads\/2026\/09\/image-61-300x203.png 300w\" sizes=\"(max-width: 600px) 100vw, 600px\" \/><\/figure>\n\n\n\n<p class=\"wp-block-paragraph\">Dos adolescentes reportadas como desaparecidas en Azogues desde el 1 de septiembre de 2026 fueron encontradas con vida en Cuenca. Ambas fueron localizadas por agentes de la Polic\u00eda en el sector de Milchichig y posteriormente trasladadas a una casa de salud. Se conoce que las adolescentes fueron ubicadas aparentemente desorientadas y todav\u00eda vest\u00edan el uniforme de su instituci\u00f3n educativa. Tras el hallazgo, fueron movilizadas en una ambulancia hacia un centro m\u00e9dico del cant\u00f3n Azogues para recibir una valoraci\u00f3n de su estado de salud.<\/p>\n\n\n\n<p class=\"wp-block-paragraph\">DESAPARECIERON DESPU\u00c9S DE ACTIVIDADES EDUCATIVAS Pablo Inga, jefe de la Subzona de Polic\u00eda de Cuenca, explic\u00f3 al medio Cr\u00f3nica Cuenca que las dos menores desaparecieron, despu\u00e9s de salir de sus actividades educativas. Desde ese momento se activaron las alertas correspondientes para dar con su paradero. Hasta ahora, las autoridades no han informado p\u00fablicamente qu\u00e9 ocurri\u00f3 durante los d\u00edas en los que permanecieron desaparecidas ni las circunstancias exactas en las que llegaron hasta Cuenca. &nbsp;<\/p>\n","protected":false},"excerpt":{"rendered":"<p>Dos adolescentes reportadas como desaparecidas en Azogues desde el 1 de septiembre de 2026 fueron encontradas con vida en Cuenca. Ambas fueron localizadas por agentes de la Polic\u00eda en el sector de Milchichig y posteriormente trasladadas a una casa de salud. Se conoce que las adolescentes fueron ubicadas aparentemente desorientadas y todav\u00eda vest\u00edan el uniforme de su instituci\u00f3n educativa. Tras el hallazgo, fueron movilizadas en una ambulancia hacia un centro m\u00e9dico del cant\u00f3n Azogues para recibir una valoraci\u00f3n de su estado de salud.<\/p>\n<p>DESAPARECIERON DESPU\u00c9S DE ACTIVIDADES EDUCATIVAS Pablo Inga, jefe de la Subzona de Polic\u00eda de Cuenca, explic\u00f3 al medio Cr\u00f3nica Cuenca que las dos menores desaparecieron, despu\u00e9s de salir de sus actividades educativas. Desde ese momento se activaron las alertas correspondientes para dar con su paradero. Hasta ahora, las autoridades no han informado p\u00fablicamente qu\u00e9 ocurri\u00f3 durante los d\u00edas en los que permanecieron desaparecidas ni las circunstancias exactas en las que llegaron hasta Cuenca.<\/p>\n","protected":false},"author":12,"featured_media":72047,"comment_status":"open","ping_status":"open","sticky":false,"template":"","format":"standard","meta":{"footnotes":""},"categories":[83],"tags":[],"class_list":["post-72046","post","type-post","status-publish","format-standard","has-post-thumbnail","hentry","category-sucesos"],"_links":{"self":[{"href":"https:\/\/elmercuriomanta.ec\/index.php\/wp-json\/wp\/v2\/posts\/72046","targetHints":{"allow":["GET"]}}],"collection":[{"href":"https:\/\/elmercuriomanta.ec\/index.php\/wp-json\/wp\/v2\/posts"}],"about":[{"href":"https:\/\/elmercuriomanta.ec\/index.php\/wp-json\/wp\/v2\/types\/post"}],"author":[{"embeddable":true,"href":"https:\/\/elmercuriomanta.ec\/index.php\/wp-json\/wp\/v2\/users\/12"}],"replies":[{"embeddable":true,"href":"https:\/\/elmercuriomanta.ec\/index.php\/wp-json\/wp\/v2\/comments?post=72046"}],"version-history":[{"count":1,"href":"https:\/\/elmercuriomanta.ec\/index.php\/wp-json\/wp\/v2\/posts\/72046\/revisions"}],"predecessor-version":[{"id":72048,"href":"https:\/\/elmercuriomanta.ec\/index.php\/wp-json\/wp\/v2\/posts\/72046\/revisions\/72048"}],"wp:featuredmedia":[{"embeddable":true,"href":"https:\/\/elmercuriomanta.ec\/index.php\/wp-json\/wp\/v2\/media\/72047"}],"wp:attachment":[{"href":"https:\/\/elmercuriomanta.ec\/index.php\/wp-json\/wp\/v2\/media?parent=72046"}],"wp:term":[{"taxonomy":"category","embeddable":true,"href":"https:\/\/elmercuriomanta.ec\/index.php\/wp-json\/wp\/v2\/categories?post=72046"},{"taxonomy":"post_tag","embeddable":true,"href":"https:\/\/elmercuriomanta.ec\/index.php\/wp-json\/wp\/v2\/tags?post=72046"}],"curies":[{"name":"wp","href":"https:\/\/api.w.org\/{rel}","templated":true}]}}