{"id":72040,"date":"2026-09-05T10:48:00","date_gmt":"2026-09-05T15:48:00","guid":{"rendered":"https:\/\/elmercuriomanta.ec\/?p=72040"},"modified":"2026-09-05T10:48:00","modified_gmt":"2026-09-05T15:48:00","slug":"el-ministro-de-salud-juan-carlos-aveiga-enfrenta-criticas-por-declaraciones-sobre-venta-de-medicamentos","status":"publish","type":"post","link":"https:\/\/elmercuriomanta.ec\/index.php\/2026\/09\/05\/el-ministro-de-salud-juan-carlos-aveiga-enfrenta-criticas-por-declaraciones-sobre-venta-de-medicamentos\/","title":{"rendered":"EL MINISTRO DE SALUD, JUAN CARLOS AVEIGA, ENFRENTA CR\u00cdTICAS POR DECLARACIONES SOBRE VENTA DE MEDICAMENTOS"},"content":{"rendered":"\n<figure class=\"wp-block-image aligncenter size-full is-resized\"><img fetchpriority=\"high\" decoding=\"async\" width=\"500\" height=\"308\" src=\"https:\/\/elmercuriomanta.ec\/wp-content\/uploads\/2026\/09\/image-59.png\" alt=\"\" class=\"wp-image-72041\" style=\"width:363px;height:auto\" srcset=\"https:\/\/elmercuriomanta.ec\/wp-content\/uploads\/2026\/09\/image-59.png 500w, https:\/\/elmercuriomanta.ec\/wp-content\/uploads\/2026\/09\/image-59-300x185.png 300w\" sizes=\"(max-width: 500px) 100vw, 500px\" \/><\/figure>\n\n\n\n<p class=\"wp-block-paragraph\">Las controvertidas declaraciones del ministro de Salud P\u00fablica, Juan Carlos Aveiga, han desatado una ola de cr\u00edticas por parte de pacientes y organizaciones sociales. Durante una entrevista, el funcionario fue consultado sobre la persistente crisis de desabastecimiento de medicamentos en los hospitales p\u00fablicos y la dificultad para superar el 88% de stock. En su intervenci\u00f3n, el ministro atribuy\u00f3 la situaci\u00f3n a un \u00abd\u00e9ficit hist\u00f3rico\u00bb y denunci\u00f3 la existencia de un mercado ilegal que revende f\u00e1rmacos entregados gratuitamente por el Estado. Sin embargo, su declaraci\u00f3n m\u00e1s pol\u00e9mica lleg\u00f3 al se\u00f1alar directamente a los usuarios del sistema:<\/p>\n\n\n\n<p class=\"wp-block-paragraph\">\u00abHay gente que, con mucha pena lo digo, recibe su receta para medicaci\u00f3n cr\u00f3nica por seis meses y vende cuatro meses porque necesitan dinero\u00bb, afirm\u00f3. Estas palabras provocaron indignaci\u00f3n inmediata en redes sociales y entre pacientes que enfrentan enfermedades catastr\u00f3ficas. Evelyn Sanango, representante de pacientes oncol\u00f3gicos, calific\u00f3 las declaraciones como il\u00f3gicas e hirientes. \u00abLos pacientes catastr\u00f3ficos o con enfermedades raras no nos vamos a jugar la vida vendiendo la medicaci\u00f3n. Dependemos de estos tratamientos para sobrevivir; adem\u00e1s, hablamos de f\u00e1rmacos de alt\u00edsimo costo\u00bb, sostuvo Por su parte, Gustavo D\u00e1vila, vocero de la Alianza Nacional por la Salud, cuestion\u00f3 que se intente trasladar a los ciudadanos la responsabilidad del Estado.<\/p>\n","protected":false},"excerpt":{"rendered":"<p>Las controvertidas declaraciones del ministro de Salud P\u00fablica, Juan Carlos Aveiga, han desatado una ola de cr\u00edticas por parte de pacientes y organizaciones sociales. Durante una entrevista, el funcionario fue consultado sobre la persistente crisis de desabastecimiento de medicamentos en los hospitales p\u00fablicos y la dificultad para superar el 88% de stock. En su intervenci\u00f3n, el ministro atribuy\u00f3 la situaci\u00f3n a un \u00abd\u00e9ficit hist\u00f3rico\u00bb y denunci\u00f3 la existencia de un mercado ilegal que revende f\u00e1rmacos entregados gratuitamente por el Estado. Sin embargo, su declaraci\u00f3n m\u00e1s pol\u00e9mica lleg\u00f3 al se\u00f1alar directamente a los usuarios del sistema:<\/p>\n<p>\u00abHay gente que, con mucha pena lo digo, recibe su receta para medicaci\u00f3n cr\u00f3nica por seis meses y vende cuatro meses porque necesitan dinero\u00bb, afirm\u00f3. Estas palabras provocaron indignaci\u00f3n inmediata en redes sociales y entre pacientes que enfrentan enfermedades catastr\u00f3ficas. Evelyn Sanango, representante de pacientes oncol\u00f3gicos, calific\u00f3 las declaraciones como il\u00f3gicas e hirientes. \u00abLos pacientes catastr\u00f3ficos o con enfermedades raras no nos vamos a jugar la vida vendiendo la medicaci\u00f3n. Dependemos de estos tratamientos para sobrevivir; adem\u00e1s, hablamos de f\u00e1rmacos de alt\u00edsimo costo\u00bb, sostuvo Por su parte, Gustavo D\u00e1vila, vocero de la Alianza Nacional por la Salud, cuestion\u00f3 que se intente trasladar a los ciudadanos la responsabilidad del Estado.<\/p>\n","protected":false},"author":12,"featured_media":72041,"comment_status":"open","ping_status":"open","sticky":false,"template":"","format":"standard","meta":{"footnotes":""},"categories":[105],"tags":[],"class_list":["post-72040","post","type-post","status-publish","format-standard","has-post-thumbnail","hentry","category-noticias"],"_links":{"self":[{"href":"https:\/\/elmercuriomanta.ec\/index.php\/wp-json\/wp\/v2\/posts\/72040","targetHints":{"allow":["GET"]}}],"collection":[{"href":"https:\/\/elmercuriomanta.ec\/index.php\/wp-json\/wp\/v2\/posts"}],"about":[{"href":"https:\/\/elmercuriomanta.ec\/index.php\/wp-json\/wp\/v2\/types\/post"}],"author":[{"embeddable":true,"href":"https:\/\/elmercuriomanta.ec\/index.php\/wp-json\/wp\/v2\/users\/12"}],"replies":[{"embeddable":true,"href":"https:\/\/elmercuriomanta.ec\/index.php\/wp-json\/wp\/v2\/comments?post=72040"}],"version-history":[{"count":1,"href":"https:\/\/elmercuriomanta.ec\/index.php\/wp-json\/wp\/v2\/posts\/72040\/revisions"}],"predecessor-version":[{"id":72042,"href":"https:\/\/elmercuriomanta.ec\/index.php\/wp-json\/wp\/v2\/posts\/72040\/revisions\/72042"}],"wp:featuredmedia":[{"embeddable":true,"href":"https:\/\/elmercuriomanta.ec\/index.php\/wp-json\/wp\/v2\/media\/72041"}],"wp:attachment":[{"href":"https:\/\/elmercuriomanta.ec\/index.php\/wp-json\/wp\/v2\/media?parent=72040"}],"wp:term":[{"taxonomy":"category","embeddable":true,"href":"https:\/\/elmercuriomanta.ec\/index.php\/wp-json\/wp\/v2\/categories?post=72040"},{"taxonomy":"post_tag","embeddable":true,"href":"https:\/\/elmercuriomanta.ec\/index.php\/wp-json\/wp\/v2\/tags?post=72040"}],"curies":[{"name":"wp","href":"https:\/\/api.w.org\/{rel}","templated":true}]}}