{"id":72000,"date":"2026-09-04T12:16:06","date_gmt":"2026-09-04T17:16:06","guid":{"rendered":"https:\/\/elmercuriomanta.ec\/?p=72000"},"modified":"2026-09-04T12:16:06","modified_gmt":"2026-09-04T17:16:06","slug":"incendio-forestal-afecta-unas-200-hectareas-en-la-reserva-ecologica-los-ilinizas","status":"publish","type":"post","link":"https:\/\/elmercuriomanta.ec\/index.php\/2026\/09\/04\/incendio-forestal-afecta-unas-200-hectareas-en-la-reserva-ecologica-los-ilinizas\/","title":{"rendered":"INCENDIO FORESTAL AFECTA UNAS 200 HECT\u00c1REAS EN LA RESERVA ECOL\u00d3GICA LOS ILINIZAS"},"content":{"rendered":"\n<figure class=\"wp-block-image aligncenter size-full\"><img fetchpriority=\"high\" decoding=\"async\" width=\"596\" height=\"335\" src=\"https:\/\/elmercuriomanta.ec\/wp-content\/uploads\/2026\/09\/image-50.png\" alt=\"\" class=\"wp-image-72001\" srcset=\"https:\/\/elmercuriomanta.ec\/wp-content\/uploads\/2026\/09\/image-50.png 596w, https:\/\/elmercuriomanta.ec\/wp-content\/uploads\/2026\/09\/image-50-300x169.png 300w\" sizes=\"(max-width: 596px) 100vw, 596px\" \/><\/figure>\n\n\n\n<p class=\"wp-block-paragraph\">Un incendio forestal registrado en el sector de El Chaupi, dentro de la Reserva Ecol\u00f3gica Los Ilinizas, afect\u00f3 cerca de 200 hect\u00e1reas de p\u00e1ramo desde que comenz\u00f3 la emergencia, el 1 de septiembre. Durante la tarde de este jueves 3 de septiembre, equipos de primera respuesta continuaban desplegados en la zona para evitar que las llamas se propagaran hacia otros sectores de esta \u00e1rea protegida. Las labores de combate movilizaron a personal de los cuerpos de Bomberos de Mej\u00eda, Cayambe y Latacunga, adem\u00e1s de brigadistas comunitarios, funcionarios del Ministerio del Ambiente, Fuerzas Armadas, Gesti\u00f3n de Riesgos y Cruz Roja.<\/p>\n\n\n\n<p class=\"wp-block-paragraph\">Solo el Cuerpo de Bomberos de Latacunga inform\u00f3 sobre el despliegue de 27 efectivos, seis veh\u00edculos, una unidad de Comando de Incidentes, cuatro camionetas de combate, una autobomba y una unidad de drones. El operativo se desarroll\u00f3 en condiciones complejas debido a los fuertes vientos, las bajas temperaturas y la dif\u00edcil topograf\u00eda, a m\u00e1s de 3.700 metros sobre el nivel del mar. Los equipos ejecutaron trabajos de sofocaci\u00f3n, liquidaci\u00f3n y extinci\u00f3n en puntos estrat\u00e9gicos, mientras sobrevuelos permitieron identificar la magnitud y direcci\u00f3n del fuego. Los reportes sobre el \u00e1rea afectada variaron a medida que avanzaron las labores. Un balance preliminar situ\u00f3 la superficie quemada en alrededor de 155 hect\u00e1reas, mientras que informes posteriores elevaron la cifra a aproximadamente 200 hect\u00e1reas de p\u00e1ramo. La emergencia genera preocupaci\u00f3n por tratarse de un ecosistema de alto valor ambiental, fundamental para la regulaci\u00f3n h\u00eddrica y la conservaci\u00f3n de especies de flora y fauna.<\/p>\n\n\n\n<p class=\"wp-block-paragraph\"><\/p>\n","protected":false},"excerpt":{"rendered":"<p>Un incendio forestal registrado en el sector de El Chaupi, dentro de la Reserva Ecol\u00f3gica Los Ilinizas, afect\u00f3 cerca de 200 hect\u00e1reas de p\u00e1ramo desde que comenz\u00f3 la emergencia, el 1 de septiembre. Durante la tarde de este jueves 3 de septiembre, equipos de primera respuesta continuaban desplegados en la zona para evitar que las llamas se propagaran hacia otros sectores de esta \u00e1rea protegida. Las labores de combate movilizaron a personal de los cuerpos de Bomberos de Mej\u00eda, Cayambe y Latacunga, adem\u00e1s de brigadistas comunitarios, funcionarios del Ministerio del Ambiente, Fuerzas Armadas, Gesti\u00f3n de Riesgos y Cruz Roja.<\/p>\n<p>Solo el Cuerpo de Bomberos de Latacunga inform\u00f3 sobre el despliegue de 27 efectivos, seis veh\u00edculos, una unidad de Comando de Incidentes, cuatro camionetas de combate, una autobomba y una unidad de drones. El operativo se desarroll\u00f3 en condiciones complejas debido a los fuertes vientos, las bajas temperaturas y la dif\u00edcil topograf\u00eda, a m\u00e1s de 3.700 metros sobre el nivel del mar. Los equipos ejecutaron trabajos de sofocaci\u00f3n, liquidaci\u00f3n y extinci\u00f3n en puntos estrat\u00e9gicos, mientras sobrevuelos permitieron identificar la magnitud y direcci\u00f3n del fuego. Los reportes sobre el \u00e1rea afectada variaron a medida que avanzaron las labores. Un balance preliminar situ\u00f3 la superficie quemada en alrededor de 155 hect\u00e1reas, mientras que informes posteriores elevaron la cifra a aproximadamente 200 hect\u00e1reas de p\u00e1ramo. La emergencia genera preocupaci\u00f3n por tratarse de un ecosistema de alto valor ambiental, fundamental para la regulaci\u00f3n h\u00eddrica y la conservaci\u00f3n de especies de flora y fauna.<\/p>\n","protected":false},"author":12,"featured_media":72001,"comment_status":"open","ping_status":"open","sticky":false,"template":"","format":"standard","meta":{"footnotes":""},"categories":[106],"tags":[],"class_list":["post-72000","post","type-post","status-publish","format-standard","has-post-thumbnail","hentry","category-nacionales"],"_links":{"self":[{"href":"https:\/\/elmercuriomanta.ec\/index.php\/wp-json\/wp\/v2\/posts\/72000","targetHints":{"allow":["GET"]}}],"collection":[{"href":"https:\/\/elmercuriomanta.ec\/index.php\/wp-json\/wp\/v2\/posts"}],"about":[{"href":"https:\/\/elmercuriomanta.ec\/index.php\/wp-json\/wp\/v2\/types\/post"}],"author":[{"embeddable":true,"href":"https:\/\/elmercuriomanta.ec\/index.php\/wp-json\/wp\/v2\/users\/12"}],"replies":[{"embeddable":true,"href":"https:\/\/elmercuriomanta.ec\/index.php\/wp-json\/wp\/v2\/comments?post=72000"}],"version-history":[{"count":1,"href":"https:\/\/elmercuriomanta.ec\/index.php\/wp-json\/wp\/v2\/posts\/72000\/revisions"}],"predecessor-version":[{"id":72002,"href":"https:\/\/elmercuriomanta.ec\/index.php\/wp-json\/wp\/v2\/posts\/72000\/revisions\/72002"}],"wp:featuredmedia":[{"embeddable":true,"href":"https:\/\/elmercuriomanta.ec\/index.php\/wp-json\/wp\/v2\/media\/72001"}],"wp:attachment":[{"href":"https:\/\/elmercuriomanta.ec\/index.php\/wp-json\/wp\/v2\/media?parent=72000"}],"wp:term":[{"taxonomy":"category","embeddable":true,"href":"https:\/\/elmercuriomanta.ec\/index.php\/wp-json\/wp\/v2\/categories?post=72000"},{"taxonomy":"post_tag","embeddable":true,"href":"https:\/\/elmercuriomanta.ec\/index.php\/wp-json\/wp\/v2\/tags?post=72000"}],"curies":[{"name":"wp","href":"https:\/\/api.w.org\/{rel}","templated":true}]}}