{"id":71956,"date":"2026-09-03T11:42:31","date_gmt":"2026-09-03T16:42:31","guid":{"rendered":"https:\/\/elmercuriomanta.ec\/?p=71956"},"modified":"2026-09-03T11:42:31","modified_gmt":"2026-09-03T16:42:31","slug":"fiscalia-pide-prision-preventiva-para-johana-nunez-por-presunto-enriquecimiento-ilicito","status":"publish","type":"post","link":"https:\/\/elmercuriomanta.ec\/index.php\/2026\/09\/03\/fiscalia-pide-prision-preventiva-para-johana-nunez-por-presunto-enriquecimiento-ilicito\/","title":{"rendered":"FISCAL\u00cdA PIDE PRISI\u00d3N PREVENTIVA PARA JOHANA N\u00da\u00d1EZ POR PRESUNTO ENRIQUECIMIENTO IL\u00cdCITO"},"content":{"rendered":"\n<figure class=\"wp-block-image aligncenter size-full is-resized\"><img fetchpriority=\"high\" decoding=\"async\" width=\"457\" height=\"437\" src=\"https:\/\/elmercuriomanta.ec\/wp-content\/uploads\/2026\/09\/image-38.png\" alt=\"\" class=\"wp-image-71957\" style=\"width:323px;height:auto\" srcset=\"https:\/\/elmercuriomanta.ec\/wp-content\/uploads\/2026\/09\/image-38.png 457w, https:\/\/elmercuriomanta.ec\/wp-content\/uploads\/2026\/09\/image-38-300x287.png 300w\" sizes=\"(max-width: 457px) 100vw, 457px\" \/><\/figure>\n\n\n\n<p class=\"wp-block-paragraph\">La Fiscal\u00eda formul\u00f3 cargos contra Johana N\u00fa\u00f1ez, prefecta de Santo Domingo de los Ts\u00e1chilas, por presunto enriquecimiento il\u00edcito y pidi\u00f3 prisi\u00f3n preventiva. La audiencia se realiz\u00f3 el 2 de septiembre de 2026 en Quito, ante una jueza de corrupci\u00f3n. El Ministerio P\u00fablico expuso declaraciones patrimoniales y una variaci\u00f3n de patrimonio durante su gesti\u00f3n. La jueza suspendi\u00f3 la diligencia para deliberar sin decidir a\u00fan medidas cautelares; no existe orden de prisi\u00f3n.<\/p>\n\n\n\n<p class=\"wp-block-paragraph\">La investigaci\u00f3n involucra tambi\u00e9n a Wilmer Rivas, Fabi\u00e1n Rivas y Gabriel Rivas, quienes no fueron procesados por ser candidatos y gozar de inmunidad electoral. La audiencia original del 25 de agosto se aplaz\u00f3 mientras se verificaba su condici\u00f3n ante el CNE. N\u00fa\u00f1ez, prefecta desde 2019 y reelegida en 2023, rechaza las acusaciones calific\u00e1ndolas de \u00abcalumnia\u00bb y asegura colaborar con la justicia. El proceso se suma a investigaciones previas por peculado en 2021, cuando allanaron el Gobierno Provincial y su domicilio.<\/p>\n","protected":false},"excerpt":{"rendered":"<p>La Fiscal\u00eda formul\u00f3 cargos contra Johana N\u00fa\u00f1ez, prefecta de Santo Domingo de los Ts\u00e1chilas, por presunto enriquecimiento il\u00edcito y pidi\u00f3 prisi\u00f3n preventiva. La audiencia se realiz\u00f3 el 2 de septiembre de 2026 en Quito, ante una jueza de corrupci\u00f3n. El Ministerio P\u00fablico expuso declaraciones patrimoniales y una variaci\u00f3n de patrimonio durante su gesti\u00f3n. La jueza suspendi\u00f3 la diligencia para deliberar sin decidir a\u00fan medidas cautelares; no existe orden de prisi\u00f3n.<\/p>\n<p>La investigaci\u00f3n involucra tambi\u00e9n a Wilmer Rivas, Fabi\u00e1n Rivas y Gabriel Rivas, quienes no fueron procesados por ser candidatos y gozar de inmunidad electoral. La audiencia original del 25 de agosto se aplaz\u00f3 mientras se verificaba su condici\u00f3n ante el CNE. N\u00fa\u00f1ez, prefecta desde 2019 y reelegida en 2023, rechaza las acusaciones calific\u00e1ndolas de \u00abcalumnia\u00bb y asegura colaborar con la justicia. El proceso se suma a investigaciones previas por peculado en 2021, cuando allanaron el Gobierno Provincial y su domicilio.<\/p>\n","protected":false},"author":12,"featured_media":71957,"comment_status":"open","ping_status":"open","sticky":false,"template":"","format":"standard","meta":{"footnotes":""},"categories":[54],"tags":[],"class_list":["post-71956","post","type-post","status-publish","format-standard","has-post-thumbnail","hentry","category-politica"],"_links":{"self":[{"href":"https:\/\/elmercuriomanta.ec\/index.php\/wp-json\/wp\/v2\/posts\/71956","targetHints":{"allow":["GET"]}}],"collection":[{"href":"https:\/\/elmercuriomanta.ec\/index.php\/wp-json\/wp\/v2\/posts"}],"about":[{"href":"https:\/\/elmercuriomanta.ec\/index.php\/wp-json\/wp\/v2\/types\/post"}],"author":[{"embeddable":true,"href":"https:\/\/elmercuriomanta.ec\/index.php\/wp-json\/wp\/v2\/users\/12"}],"replies":[{"embeddable":true,"href":"https:\/\/elmercuriomanta.ec\/index.php\/wp-json\/wp\/v2\/comments?post=71956"}],"version-history":[{"count":1,"href":"https:\/\/elmercuriomanta.ec\/index.php\/wp-json\/wp\/v2\/posts\/71956\/revisions"}],"predecessor-version":[{"id":71958,"href":"https:\/\/elmercuriomanta.ec\/index.php\/wp-json\/wp\/v2\/posts\/71956\/revisions\/71958"}],"wp:featuredmedia":[{"embeddable":true,"href":"https:\/\/elmercuriomanta.ec\/index.php\/wp-json\/wp\/v2\/media\/71957"}],"wp:attachment":[{"href":"https:\/\/elmercuriomanta.ec\/index.php\/wp-json\/wp\/v2\/media?parent=71956"}],"wp:term":[{"taxonomy":"category","embeddable":true,"href":"https:\/\/elmercuriomanta.ec\/index.php\/wp-json\/wp\/v2\/categories?post=71956"},{"taxonomy":"post_tag","embeddable":true,"href":"https:\/\/elmercuriomanta.ec\/index.php\/wp-json\/wp\/v2\/tags?post=71956"}],"curies":[{"name":"wp","href":"https:\/\/api.w.org\/{rel}","templated":true}]}}