{"id":71953,"date":"2026-09-03T11:29:52","date_gmt":"2026-09-03T16:29:52","guid":{"rendered":"https:\/\/elmercuriomanta.ec\/?p=71953"},"modified":"2026-09-03T11:29:52","modified_gmt":"2026-09-03T16:29:52","slug":"habla-la-familia-de-pamela-cisneros-ecuatoriana-abatida-tras-ataque-en-times-square","status":"publish","type":"post","link":"https:\/\/elmercuriomanta.ec\/index.php\/2026\/09\/03\/habla-la-familia-de-pamela-cisneros-ecuatoriana-abatida-tras-ataque-en-times-square\/","title":{"rendered":"HABLA LA FAMILIA DE PAMELA CISNEROS ECUATORIANA ABATIDA TRAS ATAQUE EN TIMES SQUARE"},"content":{"rendered":"\n<figure class=\"wp-block-image aligncenter size-full is-resized\"><img fetchpriority=\"high\" decoding=\"async\" width=\"1024\" height=\"576\" src=\"https:\/\/elmercuriomanta.ec\/wp-content\/uploads\/2026\/09\/image-37.png\" alt=\"\" class=\"wp-image-71954\" style=\"width:499px;height:auto\" srcset=\"https:\/\/elmercuriomanta.ec\/wp-content\/uploads\/2026\/09\/image-37.png 1024w, https:\/\/elmercuriomanta.ec\/wp-content\/uploads\/2026\/09\/image-37-300x169.png 300w, https:\/\/elmercuriomanta.ec\/wp-content\/uploads\/2026\/09\/image-37-768x432.png 768w\" sizes=\"(max-width: 1024px) 100vw, 1024px\" \/><\/figure>\n\n\n\n<p class=\"wp-block-paragraph\">La familia de Pamela Cisneros, ecuatoriana de 49 a\u00f1os, revel\u00f3 nuevos detalles tras ser abatida por la Polic\u00eda luego de apu\u00f1alar a dos personas en Times Square, Nueva York. Seg\u00fan Univisi\u00f3n, Cisneros recib\u00eda tratamiento psiqui\u00e1trico mediante inyecciones mensuales y las autoridades indicaron que ten\u00eda un historial documentado de salud mental, con incidentes registrados en 2018 y 2019, previos al episodio en Times Square. En 2018 tuvo un comportamiento beligerante en el lobby de un hotel y en 2019 se lanz\u00f3 a las v\u00edas del tren en un aparente intento de suicidio. Su hermano, Patrick Peralta, dijo que los problemas comenzaron hace unos 12 a\u00f1os con depresi\u00f3n posparto y posterior diagn\u00f3stico de trastorno bipolar.<\/p>\n\n\n\n<p class=\"wp-block-paragraph\">Mar\u00eda Cisneros, su madre, cuestion\u00f3 la respuesta policial: \u201cEra una muchacha trabajadora, ella se gradu\u00f3 y todo. No s\u00e9 por qu\u00e9 los polic\u00edas la mataron. Tal vez le dio una crisis nerviosa, algo le dio\u2026 A m\u00ed me mataron en vida\u201d. La familia expres\u00f3 pesar y no comprende c\u00f3mo la situaci\u00f3n termin\u00f3 en un ataque con arma blanca y posterior uso de fuerza letal por parte de la Polic\u00eda. Pamela ten\u00eda tres hijos, estaba separada, estudi\u00f3 Psicolog\u00eda y trabajaba en un bufete de abogados en Nueva York. El incidente ocurri\u00f3 en Times Square, uno de los lugares m\u00e1s concurridos de Manhattan, donde Cisneros apu\u00f1al\u00f3 a dos personas antes de ser abatida por agentes de la Polic\u00eda de Nueva York, lo que gener\u00f3 consternaci\u00f3n y reabri\u00f3 el debate sobre el manejo policial de crisis de salud mental.<\/p>\n\n\n\n<p class=\"wp-block-paragraph\"><\/p>\n","protected":false},"excerpt":{"rendered":"<p>La familia de Pamela Cisneros, ecuatoriana de 49 a\u00f1os, revel\u00f3 nuevos detalles tras ser abatida por la Polic\u00eda luego de apu\u00f1alar a dos personas en Times Square, Nueva York. Seg\u00fan Univisi\u00f3n, Cisneros recib\u00eda tratamiento psiqui\u00e1trico mediante inyecciones mensuales y las autoridades indicaron que ten\u00eda un historial documentado de salud mental, con incidentes registrados en 2018 y 2019, previos al episodio en Times Square. En 2018 tuvo un comportamiento beligerante en el lobby de un hotel y en 2019 se lanz\u00f3 a las v\u00edas del tren en un aparente intento de suicidio. Su hermano, Patrick Peralta, dijo que los problemas comenzaron hace unos 12 a\u00f1os con depresi\u00f3n posparto y posterior diagn\u00f3stico de trastorno bipolar.<\/p>\n<p>Mar\u00eda Cisneros, su madre, cuestion\u00f3 la respuesta policial: \u201cEra una muchacha trabajadora, ella se gradu\u00f3 y todo. No s\u00e9 por qu\u00e9 los polic\u00edas la mataron. Tal vez le dio una crisis nerviosa, algo le dio\u2026 A m\u00ed me mataron en vida\u201d. La familia expres\u00f3 pesar y no comprende c\u00f3mo la situaci\u00f3n termin\u00f3 en un ataque con arma blanca y posterior uso de fuerza letal por parte de la Polic\u00eda. Pamela ten\u00eda tres hijos, estaba separada, estudi\u00f3 Psicolog\u00eda y trabajaba en un bufete de abogados en Nueva York. El incidente ocurri\u00f3 en Times Square, uno de los lugares m\u00e1s concurridos de Manhattan, donde Cisneros apu\u00f1al\u00f3 a dos personas antes de ser abatida por agentes de la Polic\u00eda de Nueva York, lo que gener\u00f3 consternaci\u00f3n y reabri\u00f3 el debate sobre el manejo policial de crisis de salud mental.<\/p>\n","protected":false},"author":12,"featured_media":71954,"comment_status":"open","ping_status":"open","sticky":false,"template":"","format":"standard","meta":{"footnotes":""},"categories":[8],"tags":[],"class_list":["post-71953","post","type-post","status-publish","format-standard","has-post-thumbnail","hentry","category-internacional"],"_links":{"self":[{"href":"https:\/\/elmercuriomanta.ec\/index.php\/wp-json\/wp\/v2\/posts\/71953","targetHints":{"allow":["GET"]}}],"collection":[{"href":"https:\/\/elmercuriomanta.ec\/index.php\/wp-json\/wp\/v2\/posts"}],"about":[{"href":"https:\/\/elmercuriomanta.ec\/index.php\/wp-json\/wp\/v2\/types\/post"}],"author":[{"embeddable":true,"href":"https:\/\/elmercuriomanta.ec\/index.php\/wp-json\/wp\/v2\/users\/12"}],"replies":[{"embeddable":true,"href":"https:\/\/elmercuriomanta.ec\/index.php\/wp-json\/wp\/v2\/comments?post=71953"}],"version-history":[{"count":1,"href":"https:\/\/elmercuriomanta.ec\/index.php\/wp-json\/wp\/v2\/posts\/71953\/revisions"}],"predecessor-version":[{"id":71955,"href":"https:\/\/elmercuriomanta.ec\/index.php\/wp-json\/wp\/v2\/posts\/71953\/revisions\/71955"}],"wp:featuredmedia":[{"embeddable":true,"href":"https:\/\/elmercuriomanta.ec\/index.php\/wp-json\/wp\/v2\/media\/71954"}],"wp:attachment":[{"href":"https:\/\/elmercuriomanta.ec\/index.php\/wp-json\/wp\/v2\/media?parent=71953"}],"wp:term":[{"taxonomy":"category","embeddable":true,"href":"https:\/\/elmercuriomanta.ec\/index.php\/wp-json\/wp\/v2\/categories?post=71953"},{"taxonomy":"post_tag","embeddable":true,"href":"https:\/\/elmercuriomanta.ec\/index.php\/wp-json\/wp\/v2\/tags?post=71953"}],"curies":[{"name":"wp","href":"https:\/\/api.w.org\/{rel}","templated":true}]}}