{"id":71921,"date":"2026-09-02T17:18:01","date_gmt":"2026-09-02T22:18:01","guid":{"rendered":"https:\/\/elmercuriomanta.ec\/?p=71921"},"modified":"2026-09-02T17:18:01","modified_gmt":"2026-09-02T22:18:01","slug":"judocas-manabitas-destacaron-en-el-segundo-circuito-de-judo-aguilas-rojas-2026","status":"publish","type":"post","link":"https:\/\/elmercuriomanta.ec\/index.php\/2026\/09\/02\/judocas-manabitas-destacaron-en-el-segundo-circuito-de-judo-aguilas-rojas-2026\/","title":{"rendered":"JUDOCAS MANABITAS DESTACARON EN EL SEGUNDO CIRCUITO DE JUDO \u201c\u00c1GUILAS ROJAS\u201d 2026"},"content":{"rendered":"\n<p class=\"wp-block-paragraph\">Los judocas de Fedemanabi tuvieron una destacada actuaci\u00f3n en el Segundo Circuito de Judo \u201cMi Primer Judogi\u201d 2do. Stage \u201c\u00c1guilas Rojas\u201d 2026, que se realiz\u00f3 en el coliseo de las \u00c1guilas Rojas, en la ciudad de Cuenca el pasado fin de semana. <\/p>\n\n\n\n<figure class=\"wp-block-image aligncenter size-large is-resized\"><img fetchpriority=\"high\" decoding=\"async\" width=\"1024\" height=\"788\" src=\"https:\/\/elmercuriomanta.ec\/wp-content\/uploads\/2026\/09\/image-32-1024x788.png\" alt=\"\" class=\"wp-image-71922\" style=\"aspect-ratio:1.299524564183835;width:486px;height:auto\" srcset=\"https:\/\/elmercuriomanta.ec\/wp-content\/uploads\/2026\/09\/image-32-1024x788.png 1024w, https:\/\/elmercuriomanta.ec\/wp-content\/uploads\/2026\/09\/image-32-300x231.png 300w, https:\/\/elmercuriomanta.ec\/wp-content\/uploads\/2026\/09\/image-32-767x590.png 767w, https:\/\/elmercuriomanta.ec\/wp-content\/uploads\/2026\/09\/image-32.png 1430w\" sizes=\"(max-width: 1024px) 100vw, 1024px\" \/><\/figure>\n\n\n\n<p class=\"wp-block-paragraph\">En la categor\u00eda Sub-11, Maryliss Ponce Bello conquist\u00f3 la medalla de oro en los 44 kg; Thiago Ponce se adjudic\u00f3 la medalla de plata y Fernando Mac\u00edas se ubic\u00f3 en el quinto lugar. En la categor\u00eda Sub-13, Karlyss Vera obtuvo medalla de oro y Thiago Chala alcanz\u00f3 la medalla de plata. Por su parte, en la categor\u00eda Sub-9, Mart\u00edn Mac\u00edas finaliz\u00f3 en el quinto puesto. El equipo manabita estuvo acompa\u00f1ado por los entrenadores Estefan\u00eda Garc\u00eda y Jonathan Saldarriaga, quienes guiaron a los deportistas durante la competencia.<br><\/p>\n","protected":false},"excerpt":{"rendered":"<p>Los judocas de Fedemanabi tuvieron una destacada actuaci\u00f3n en el Segundo Circuito de Judo \u201cMi Primer Judogi\u201d 2do. Stage \u201c\u00c1guilas Rojas\u201d 2026, que se realiz\u00f3 en el coliseo de las \u00c1guilas Rojas, en la ciudad de Cuenca el pasado fin de semana.<\/p>\n","protected":false},"author":14,"featured_media":71922,"comment_status":"open","ping_status":"open","sticky":false,"template":"","format":"standard","meta":{"footnotes":""},"categories":[9],"tags":[],"class_list":["post-71921","post","type-post","status-publish","format-standard","has-post-thumbnail","hentry","category-deportes"],"_links":{"self":[{"href":"https:\/\/elmercuriomanta.ec\/index.php\/wp-json\/wp\/v2\/posts\/71921","targetHints":{"allow":["GET"]}}],"collection":[{"href":"https:\/\/elmercuriomanta.ec\/index.php\/wp-json\/wp\/v2\/posts"}],"about":[{"href":"https:\/\/elmercuriomanta.ec\/index.php\/wp-json\/wp\/v2\/types\/post"}],"author":[{"embeddable":true,"href":"https:\/\/elmercuriomanta.ec\/index.php\/wp-json\/wp\/v2\/users\/14"}],"replies":[{"embeddable":true,"href":"https:\/\/elmercuriomanta.ec\/index.php\/wp-json\/wp\/v2\/comments?post=71921"}],"version-history":[{"count":1,"href":"https:\/\/elmercuriomanta.ec\/index.php\/wp-json\/wp\/v2\/posts\/71921\/revisions"}],"predecessor-version":[{"id":71923,"href":"https:\/\/elmercuriomanta.ec\/index.php\/wp-json\/wp\/v2\/posts\/71921\/revisions\/71923"}],"wp:featuredmedia":[{"embeddable":true,"href":"https:\/\/elmercuriomanta.ec\/index.php\/wp-json\/wp\/v2\/media\/71922"}],"wp:attachment":[{"href":"https:\/\/elmercuriomanta.ec\/index.php\/wp-json\/wp\/v2\/media?parent=71921"}],"wp:term":[{"taxonomy":"category","embeddable":true,"href":"https:\/\/elmercuriomanta.ec\/index.php\/wp-json\/wp\/v2\/categories?post=71921"},{"taxonomy":"post_tag","embeddable":true,"href":"https:\/\/elmercuriomanta.ec\/index.php\/wp-json\/wp\/v2\/tags?post=71921"}],"curies":[{"name":"wp","href":"https:\/\/api.w.org\/{rel}","templated":true}]}}