{"id":71914,"date":"2026-09-02T15:46:03","date_gmt":"2026-09-02T20:46:03","guid":{"rendered":"https:\/\/elmercuriomanta.ec\/?p=71914"},"modified":"2026-09-02T15:46:03","modified_gmt":"2026-09-02T20:46:03","slug":"ganadores-de-la-ruta-del-balsero-farmacias-santa-martha-en-su-quinta-edicion","status":"publish","type":"post","link":"https:\/\/elmercuriomanta.ec\/index.php\/2026\/09\/02\/ganadores-de-la-ruta-del-balsero-farmacias-santa-martha-en-su-quinta-edicion\/","title":{"rendered":"GANADORES DE LA RUTA DEL BALSERO \u201cFARMACIAS SANTA MARTHA\u201d EN SU QUINTA EDICI\u00d3N"},"content":{"rendered":"\n<p class=\"wp-block-paragraph\">\u00c9xito tal fue la quinta edici\u00f3n de la \u201cRuta del Balsero\u201d \u201cFarmacias Santa Martha\u201d que se llev\u00f3 a cabo el pasado domingo en la ciudad de Calceta con la participaci\u00f3n de competidores de las 24 provincias del pa\u00eds. <\/p>\n\n\n\n<figure class=\"wp-block-image aligncenter size-large is-resized\"><img fetchpriority=\"high\" decoding=\"async\" width=\"1024\" height=\"642\" src=\"https:\/\/elmercuriomanta.ec\/wp-content\/uploads\/2026\/09\/image-29-1024x642.png\" alt=\"\" class=\"wp-image-71916\" style=\"aspect-ratio:1.5950778010611262;width:453px;height:auto\" srcset=\"https:\/\/elmercuriomanta.ec\/wp-content\/uploads\/2026\/09\/image-29-1024x642.png 1024w, https:\/\/elmercuriomanta.ec\/wp-content\/uploads\/2026\/09\/image-29-300x188.png 300w, https:\/\/elmercuriomanta.ec\/wp-content\/uploads\/2026\/09\/image-29-767x481.png 767w, https:\/\/elmercuriomanta.ec\/wp-content\/uploads\/2026\/09\/image-29-1536x963.png 1536w, https:\/\/elmercuriomanta.ec\/wp-content\/uploads\/2026\/09\/image-29.png 1584w\" sizes=\"(max-width: 1024px) 100vw, 1024px\" \/><\/figure>\n\n\n\n<p class=\"wp-block-paragraph\">Las categor\u00edas que se corrieron fueron la elite de damas y varones, juveniles, master y de capacidades especiales, un total de 500 competidores llenaron la pista de la \u201cRuta del Balsero\u201d. Luego de la competencia se entregaron premios de los auspiciantes a cada uno de los competidores por parte de los organizadores, quienes aplaudieron este tipo de carrera, dijo Joseph Ram\u00edrez.<\/p>\n\n\n\n<figure class=\"wp-block-image aligncenter size-full is-resized\"><img decoding=\"async\" width=\"397\" height=\"231\" src=\"https:\/\/elmercuriomanta.ec\/wp-content\/uploads\/2026\/09\/image-31.png\" alt=\"\" class=\"wp-image-71919\" style=\"aspect-ratio:1.718675640764158;width:443px;height:auto\" srcset=\"https:\/\/elmercuriomanta.ec\/wp-content\/uploads\/2026\/09\/image-31.png 397w, https:\/\/elmercuriomanta.ec\/wp-content\/uploads\/2026\/09\/image-31-300x175.png 300w\" sizes=\"(max-width: 397px) 100vw, 397px\" \/><\/figure>\n\n\n\n<figure class=\"wp-block-image aligncenter size-full is-resized\"><img decoding=\"async\" width=\"432\" height=\"233\" src=\"https:\/\/elmercuriomanta.ec\/wp-content\/uploads\/2026\/09\/image-30-edited.png\" alt=\"\" class=\"wp-image-71918\" style=\"width:443px;height:auto\" srcset=\"https:\/\/elmercuriomanta.ec\/wp-content\/uploads\/2026\/09\/image-30-edited.png 432w, https:\/\/elmercuriomanta.ec\/wp-content\/uploads\/2026\/09\/image-30-edited-300x162.png 300w\" sizes=\"(max-width: 432px) 100vw, 432px\" \/><\/figure>\n\n\n\n<p class=\"wp-block-paragraph\"><strong>POSICIONES FINALES DE \u201cLA RUTA DEL BALSERO\u201d<\/strong><\/p>\n\n\n\n<p class=\"wp-block-paragraph\"><strong>CATEGOR\u00cdA ELITE VARONES<\/strong><br><br>1-Pedro Guaranda 2-Ariel V\u00e9lez 3-Joseph Andrade<\/p>\n\n\n\n<p class=\"wp-block-paragraph\"><strong>CATEGOR\u00cdA ELITE DAMAS<\/strong> <\/p>\n\n\n\n<p class=\"wp-block-paragraph\">1-Gabriela Moreira  2-Diana Holgu\u00edn  3-Yamileth Mac\u00edas <\/p>\n\n\n\n<p class=\"wp-block-paragraph\"><strong>CATEGOR\u00cdA M\u00c1STER DAMAS <\/strong><\/p>\n\n\n\n<p class=\"wp-block-paragraph\">1-Shirley S\u00e1nchez   2-Mar\u00eda Mora   3-Jennifer L\u00f3pez <\/p>\n\n\n\n<p class=\"wp-block-paragraph\"><strong>CATEGOR\u00cdA M\u00c1STER VARONES <\/strong><\/p>\n\n\n\n<p class=\"wp-block-paragraph\">1-Juan Carlos Serrano  2-William Villac\u00eds  3-Omar Santamar\u00eda <\/p>\n\n\n\n<p class=\"wp-block-paragraph\"><strong>CATEGOR\u00cdA CAPACIDADES ESPECIALES <\/strong><\/p>\n\n\n\n<p class=\"wp-block-paragraph\">1-Irwin De La Cruz  2-Josthin Angulo  3-L\u00edder Vera<\/p>\n\n\n\n<p class=\"wp-block-paragraph\"><\/p>\n","protected":false},"excerpt":{"rendered":"<p>\u00c9xito tal fue la quinta edici\u00f3n de la \u201cRuta del Balsero\u201d \u201cFarmacias Santa Martha\u201d que se llev\u00f3 a cabo el pasado domingo en la ciudad de Calceta con la participaci\u00f3n de competidores de las 24 provincias del pa\u00eds.<\/p>\n","protected":false},"author":14,"featured_media":71919,"comment_status":"open","ping_status":"open","sticky":false,"template":"","format":"standard","meta":{"footnotes":""},"categories":[9],"tags":[],"class_list":["post-71914","post","type-post","status-publish","format-standard","has-post-thumbnail","hentry","category-deportes"],"_links":{"self":[{"href":"https:\/\/elmercuriomanta.ec\/index.php\/wp-json\/wp\/v2\/posts\/71914","targetHints":{"allow":["GET"]}}],"collection":[{"href":"https:\/\/elmercuriomanta.ec\/index.php\/wp-json\/wp\/v2\/posts"}],"about":[{"href":"https:\/\/elmercuriomanta.ec\/index.php\/wp-json\/wp\/v2\/types\/post"}],"author":[{"embeddable":true,"href":"https:\/\/elmercuriomanta.ec\/index.php\/wp-json\/wp\/v2\/users\/14"}],"replies":[{"embeddable":true,"href":"https:\/\/elmercuriomanta.ec\/index.php\/wp-json\/wp\/v2\/comments?post=71914"}],"version-history":[{"count":1,"href":"https:\/\/elmercuriomanta.ec\/index.php\/wp-json\/wp\/v2\/posts\/71914\/revisions"}],"predecessor-version":[{"id":71920,"href":"https:\/\/elmercuriomanta.ec\/index.php\/wp-json\/wp\/v2\/posts\/71914\/revisions\/71920"}],"wp:featuredmedia":[{"embeddable":true,"href":"https:\/\/elmercuriomanta.ec\/index.php\/wp-json\/wp\/v2\/media\/71919"}],"wp:attachment":[{"href":"https:\/\/elmercuriomanta.ec\/index.php\/wp-json\/wp\/v2\/media?parent=71914"}],"wp:term":[{"taxonomy":"category","embeddable":true,"href":"https:\/\/elmercuriomanta.ec\/index.php\/wp-json\/wp\/v2\/categories?post=71914"},{"taxonomy":"post_tag","embeddable":true,"href":"https:\/\/elmercuriomanta.ec\/index.php\/wp-json\/wp\/v2\/tags?post=71914"}],"curies":[{"name":"wp","href":"https:\/\/api.w.org\/{rel}","templated":true}]}}