{"id":71898,"date":"2026-09-02T15:14:39","date_gmt":"2026-09-02T20:14:39","guid":{"rendered":"https:\/\/elmercuriomanta.ec\/?p=71898"},"modified":"2026-09-02T15:14:39","modified_gmt":"2026-09-02T20:14:39","slug":"alerta-por-oleaje-en-manabi-fuertes-olas-impactan-san-clemente-y-amenazan-la-zona-costera","status":"publish","type":"post","link":"https:\/\/elmercuriomanta.ec\/index.php\/2026\/09\/02\/alerta-por-oleaje-en-manabi-fuertes-olas-impactan-san-clemente-y-amenazan-la-zona-costera\/","title":{"rendered":"ALERTA POR OLEAJE EN MANAB\u00cd: FUERTES OLAS IMPACTAN SAN CLEMENTE Y AMENAZAN LA ZONA COSTERA"},"content":{"rendered":"\n<p class=\"wp-block-paragraph\">Un fuerte oleaje golpe\u00f3 San Clemente (Manab\u00ed), mientras sigue vigente la alerta del Inocar por olas de mayor energ\u00eda y elevaci\u00f3n del nivel del mar. <\/p>\n\n\n\n<figure class=\"wp-block-image size-large\"><img fetchpriority=\"high\" decoding=\"async\" width=\"1024\" height=\"576\" src=\"https:\/\/elmercuriomanta.ec\/wp-content\/uploads\/2026\/09\/image-24-1024x576.png\" alt=\"\" class=\"wp-image-71903\" srcset=\"https:\/\/elmercuriomanta.ec\/wp-content\/uploads\/2026\/09\/image-24-1024x576.png 1024w, https:\/\/elmercuriomanta.ec\/wp-content\/uploads\/2026\/09\/image-24-300x169.png 300w, https:\/\/elmercuriomanta.ec\/wp-content\/uploads\/2026\/09\/image-24-768x432.png 768w, https:\/\/elmercuriomanta.ec\/wp-content\/uploads\/2026\/09\/image-24-1536x864.png 1536w, https:\/\/elmercuriomanta.ec\/wp-content\/uploads\/2026\/09\/image-24.png 1672w\" sizes=\"(max-width: 1024px) 100vw, 1024px\" \/><\/figure>\n\n\n\n<p class=\"wp-block-paragraph\">Un video del 31 de agosto de 2026 muestra el mar rompiendo con fuerza contra el borde costero; los sacos de arena como barrera resultaron insuficientes y generan preocupaci\u00f3n por viviendas, negocios e infraestructura cercana a la playa. El Inocar advirti\u00f3 que del 1 al 3 de septiembre llegar\u00edan olas del suroeste; el 3 habr\u00e1 mar agitado en la costa continental y del 2 al 3 en Gal\u00e1pagos. <\/p>\n\n\n\n<p class=\"wp-block-paragraph\">Se prev\u00e9n olas de hasta 1,20 m en Manab\u00ed, 1,40 m en Santa Elena y Guayas, 2,30 m al oeste de Gal\u00e1pagos, 1,10 m en Esmeraldas y 0,90 m en El Oro. Recomienda precauci\u00f3n ante corrientes de resaca y no ingresar al mar en zonas de oleaje intenso ni permanecer en rocas o muelles. El nivel del mar registr\u00f3 anomal\u00edas de 28 a 33 cm, tras superar 40 cm la semana anterior y acercarse a El Ni\u00f1o 1997- 1998 (42-47 cm), sin que ello implique los mismos efectos. <\/p>\n\n\n\n<p class=\"wp-block-paragraph\">El incremento puede agravar el oleaje y facilitar la entrada de agua en zonas bajas con mareas altas o lluvias intensas. Ecuador permanece en alerta roja por El Ni\u00f1o, declarada por la SNGR mediante Resoluci\u00f3n SNGR-238-2026, ante el fortalecimiento del fen\u00f3meno hasta fines de 2026. La alerta roja se activa cuando el evento es inminente o est\u00e1 en curso. No hay reporte oficial de da\u00f1os ni afectaciones en San Clemente.<\/p>\n","protected":false},"excerpt":{"rendered":"<p>Un fuerte oleaje golpe\u00f3 San Clemente (Manab\u00ed), mientras sigue vigente la alerta del Inocar por olas de mayor energ\u00eda y elevaci\u00f3n del nivel del mar. <\/p>\n","protected":false},"author":14,"featured_media":71903,"comment_status":"open","ping_status":"open","sticky":false,"template":"","format":"standard","meta":{"footnotes":""},"categories":[108],"tags":[],"class_list":["post-71898","post","type-post","status-publish","format-standard","has-post-thumbnail","hentry","category-locales"],"_links":{"self":[{"href":"https:\/\/elmercuriomanta.ec\/index.php\/wp-json\/wp\/v2\/posts\/71898","targetHints":{"allow":["GET"]}}],"collection":[{"href":"https:\/\/elmercuriomanta.ec\/index.php\/wp-json\/wp\/v2\/posts"}],"about":[{"href":"https:\/\/elmercuriomanta.ec\/index.php\/wp-json\/wp\/v2\/types\/post"}],"author":[{"embeddable":true,"href":"https:\/\/elmercuriomanta.ec\/index.php\/wp-json\/wp\/v2\/users\/14"}],"replies":[{"embeddable":true,"href":"https:\/\/elmercuriomanta.ec\/index.php\/wp-json\/wp\/v2\/comments?post=71898"}],"version-history":[{"count":1,"href":"https:\/\/elmercuriomanta.ec\/index.php\/wp-json\/wp\/v2\/posts\/71898\/revisions"}],"predecessor-version":[{"id":71904,"href":"https:\/\/elmercuriomanta.ec\/index.php\/wp-json\/wp\/v2\/posts\/71898\/revisions\/71904"}],"wp:featuredmedia":[{"embeddable":true,"href":"https:\/\/elmercuriomanta.ec\/index.php\/wp-json\/wp\/v2\/media\/71903"}],"wp:attachment":[{"href":"https:\/\/elmercuriomanta.ec\/index.php\/wp-json\/wp\/v2\/media?parent=71898"}],"wp:term":[{"taxonomy":"category","embeddable":true,"href":"https:\/\/elmercuriomanta.ec\/index.php\/wp-json\/wp\/v2\/categories?post=71898"},{"taxonomy":"post_tag","embeddable":true,"href":"https:\/\/elmercuriomanta.ec\/index.php\/wp-json\/wp\/v2\/tags?post=71898"}],"curies":[{"name":"wp","href":"https:\/\/api.w.org\/{rel}","templated":true}]}}