{"id":71873,"date":"2026-09-01T16:20:33","date_gmt":"2026-09-01T21:20:33","guid":{"rendered":"https:\/\/elmercuriomanta.ec\/?p=71873"},"modified":"2026-09-01T16:20:33","modified_gmt":"2026-09-01T21:20:33","slug":"reul-becarra-regresa-al-deportivo-cuenca-como-director-depotivo","status":"publish","type":"post","link":"https:\/\/elmercuriomanta.ec\/index.php\/2026\/09\/01\/reul-becarra-regresa-al-deportivo-cuenca-como-director-depotivo\/","title":{"rendered":"RE\u00daL BECARRA REGRESA AL DEPORTIVO CUENCA COMO DIRECTOR DEPOTIVO"},"content":{"rendered":"\n<p class=\"wp-block-paragraph\">El Deportivo Cuenca confirm\u00f3 oficialmente el regreso de Ra\u00fal Becerra, uno de los nombres hist\u00f3ricos de la instituci\u00f3n, quien asumir\u00e1 ahora como Director Deportivo del club. <\/p>\n\n\n\n<figure class=\"wp-block-image aligncenter size-large is-resized\"><img fetchpriority=\"high\" decoding=\"async\" width=\"1024\" height=\"768\" src=\"https:\/\/elmercuriomanta.ec\/wp-content\/uploads\/2026\/09\/image-16-1024x768.png\" alt=\"\" class=\"wp-image-71874\" style=\"width:512px;height:auto\" srcset=\"https:\/\/elmercuriomanta.ec\/wp-content\/uploads\/2026\/09\/image-16-1024x768.png 1024w, https:\/\/elmercuriomanta.ec\/wp-content\/uploads\/2026\/09\/image-16-300x225.png 300w, https:\/\/elmercuriomanta.ec\/wp-content\/uploads\/2026\/09\/image-16-768x576.png 768w, https:\/\/elmercuriomanta.ec\/wp-content\/uploads\/2026\/09\/image-16.png 1080w\" sizes=\"(max-width: 1024px) 100vw, 1024px\" \/><\/figure>\n\n\n\n<p class=\"wp-block-paragraph\">El exdelantero vuelve al \u2018Expreso Austral\u2019 despu\u00e9s de haber dejado una huella importante durante su etapa como futbolista. Becerra es actualmente el tercer m\u00e1ximo goleador hist\u00f3rico del Deportivo Cuenca y defendi\u00f3 la camiseta del equipo en cinco temporadas. La instituci\u00f3n destac\u00f3 adem\u00e1s la preparaci\u00f3n del argentino para asumir este nuevo reto fuera de las canchas. <\/p>\n\n\n\n<p class=\"wp-block-paragraph\">Becerra cuenta con un Diplomado Universitario en Direcci\u00f3n Deportiva por la UNTREF, con aval de la Asociaci\u00f3n del F\u00fatbol Argentino (AFA). \u201c\u00a1Ra\u00fal Becerra vuelve a casa!\u201d, public\u00f3 el club en sus redes sociales para anunciar oficialmente su incorporaci\u00f3n. De esta manera, el Deportivo Cuenca apuesta por una figura identificada con la instituci\u00f3n para fortalecer su estructura deportiva de cara a los pr\u00f3ximos desaf\u00edos.<\/p>\n\n\n\n<p class=\"wp-block-paragraph\"><\/p>\n","protected":false},"excerpt":{"rendered":"<p>El Deportivo Cuenca confirm\u00f3 oficialmente el regreso de Ra\u00fal Becerra, uno de los nombres hist\u00f3ricos de la instituci\u00f3n, quien asumir\u00e1 ahora como Director Deportivo del club.<\/p>\n","protected":false},"author":14,"featured_media":71874,"comment_status":"open","ping_status":"open","sticky":false,"template":"","format":"standard","meta":{"footnotes":""},"categories":[9],"tags":[],"class_list":["post-71873","post","type-post","status-publish","format-standard","has-post-thumbnail","hentry","category-deportes"],"_links":{"self":[{"href":"https:\/\/elmercuriomanta.ec\/index.php\/wp-json\/wp\/v2\/posts\/71873","targetHints":{"allow":["GET"]}}],"collection":[{"href":"https:\/\/elmercuriomanta.ec\/index.php\/wp-json\/wp\/v2\/posts"}],"about":[{"href":"https:\/\/elmercuriomanta.ec\/index.php\/wp-json\/wp\/v2\/types\/post"}],"author":[{"embeddable":true,"href":"https:\/\/elmercuriomanta.ec\/index.php\/wp-json\/wp\/v2\/users\/14"}],"replies":[{"embeddable":true,"href":"https:\/\/elmercuriomanta.ec\/index.php\/wp-json\/wp\/v2\/comments?post=71873"}],"version-history":[{"count":1,"href":"https:\/\/elmercuriomanta.ec\/index.php\/wp-json\/wp\/v2\/posts\/71873\/revisions"}],"predecessor-version":[{"id":71875,"href":"https:\/\/elmercuriomanta.ec\/index.php\/wp-json\/wp\/v2\/posts\/71873\/revisions\/71875"}],"wp:featuredmedia":[{"embeddable":true,"href":"https:\/\/elmercuriomanta.ec\/index.php\/wp-json\/wp\/v2\/media\/71874"}],"wp:attachment":[{"href":"https:\/\/elmercuriomanta.ec\/index.php\/wp-json\/wp\/v2\/media?parent=71873"}],"wp:term":[{"taxonomy":"category","embeddable":true,"href":"https:\/\/elmercuriomanta.ec\/index.php\/wp-json\/wp\/v2\/categories?post=71873"},{"taxonomy":"post_tag","embeddable":true,"href":"https:\/\/elmercuriomanta.ec\/index.php\/wp-json\/wp\/v2\/tags?post=71873"}],"curies":[{"name":"wp","href":"https:\/\/api.w.org\/{rel}","templated":true}]}}