{"id":71866,"date":"2026-09-01T15:02:33","date_gmt":"2026-09-01T20:02:33","guid":{"rendered":"https:\/\/elmercuriomanta.ec\/?p=71866"},"modified":"2026-09-01T15:02:33","modified_gmt":"2026-09-01T20:02:33","slug":"lionel-messi-renuncia-a-la-seleccion-argentina","status":"publish","type":"post","link":"https:\/\/elmercuriomanta.ec\/index.php\/2026\/09\/01\/lionel-messi-renuncia-a-la-seleccion-argentina\/","title":{"rendered":"LIONEL MESSI RENUNCIA A LA SELECCI\u00d3N ARGENTINA"},"content":{"rendered":"\n<p class=\"wp-block-paragraph\">Lionel Messi anunci\u00f3 su retiro de la Selecci\u00f3n Argentina mediante una extensa y emotiva carta escrita originalmente el 21 de julio, dos d\u00edas despu\u00e9s de perder la final del Mundial. <\/p>\n\n\n\n<figure class=\"wp-block-image aligncenter size-full is-resized\"><img fetchpriority=\"high\" decoding=\"async\" width=\"678\" height=\"452\" src=\"https:\/\/elmercuriomanta.ec\/wp-content\/uploads\/2026\/09\/image-14.png\" alt=\"\" class=\"wp-image-71867\" style=\"width:493px;height:auto\" srcset=\"https:\/\/elmercuriomanta.ec\/wp-content\/uploads\/2026\/09\/image-14.png 678w, https:\/\/elmercuriomanta.ec\/wp-content\/uploads\/2026\/09\/image-14-300x200.png 300w\" sizes=\"(max-width: 678px) 100vw, 678px\" \/><\/figure>\n\n\n\n<p class=\"wp-block-paragraph\">El capit\u00e1n de la Albiceleste explic\u00f3 que tom\u00f3 la decisi\u00f3n despu\u00e9s de reflexionarlo durante varios d\u00edas y asegur\u00f3 que se marcha con orgullo por todo lo conseguido durante sus 20 a\u00f1os defendiendo la camiseta de su pa\u00eds. \u201cDespu\u00e9s de este tiempo que pas\u00f3 desde la final, pens\u00e1ndolo mucho, quiero comunicarles a todos que me retiro de la Selecci\u00f3n\u2026\u201d, comenz\u00f3 Messi. El argentino reconoci\u00f3 lo dif\u00edcil que resulta cerrar esta etapa y asegur\u00f3 que siempre entreg\u00f3 todo por su pa\u00eds. <\/p>\n\n\n\n<p class=\"wp-block-paragraph\">\u201cFue una decisi\u00f3n que doli\u00f3 y duele en el alma pero entiendo que es el momento. Les juro que siempre dej\u00e9 todo, no solo los \u00faltimos a\u00f1os que se gan\u00f3 todo antes tambi\u00e9n y siempre pele\u00e9 y me dej\u00e9 todo por esta camiseta, por darles alegr\u00edas y hacer que se sientan orgullosos de ser argentinos a trav\u00e9s del f\u00fatbol\u201d. Messi tambi\u00e9n explic\u00f3 que considera que lleg\u00f3 el momento de darle espacio a una nueva generaci\u00f3n. \u201cQueda poco y se van cerrando etapas y esta es una que me duele mucho. Amo, am\u00e9 y amar\u00e9 siempre estar en la Selecci\u00f3n. <\/p>\n\n\n\n<p class=\"wp-block-paragraph\">Me vaci\u00e9, ya no tengo m\u00e1s para dar y aparte vienen chicos muy grandes atr\u00e1s que merecen estar\u201d. El \u201810\u2019 agradeci\u00f3 adem\u00e1s todo el cari\u00f1o recibido durante dos d\u00e9cadas y dej\u00f3 claro que, desde ahora, pasar\u00e1 a acompa\u00f1ar al equipo como un hincha m\u00e1s. \u201cGracias por todo el cari\u00f1o de estos 20 a\u00f1os. Voy a extra\u00f1ar mucho escucharlos desde adentro. Ahora voy a ser uno m\u00e1s de ustedes, alentando y bancando siempre desde afuera (en las buenas y en las malas, mucho m\u00e1s)\u201d. <\/p>\n\n\n\n<p class=\"wp-block-paragraph\">Tambi\u00e9n tuvo palabras para su familia y para todas las personas con las que comparti\u00f3 su camino en la Albiceleste. \u201cGracias a mi familia por estar siempre, por acompa\u00f1arme en este viaje tan hermoso pero dif\u00edcil. Gracias a cada uno de entrenadores, compa\u00f1eros y dirigentes que me toc\u00f3 compartir. Me llevo recuerdos y momentos inolvidables vividos\u201d. <\/p>\n\n\n\n<p class=\"wp-block-paragraph\">Finalmente, Messi cerr\u00f3 su despedida con un mensaje cargado de emoci\u00f3n: \u201cMe voy con la tranquilidad y el orgullo de haberles regalado, juntos con mis compa\u00f1eros, momentos so\u00f1ados. Fue una locura haberlo vivido con ustedes. \u00a1Los quiero! Gracias Dios por hacerme argentino. \u00a1Vamos Argentina!\u201d. El futbolista a\u00f1adi\u00f3 una \u00faltima aclaraci\u00f3n sobre el momento en el que tom\u00f3 la decisi\u00f3n: \u201cEstas palabras las escrib\u00ed el 21 de julio, dos d\u00edas despu\u00e9s de la final.<\/p>\n","protected":false},"excerpt":{"rendered":"<p>Lionel Messi anunci\u00f3 su retiro de la Selecci\u00f3n Argentina mediante una extensa y emotiva carta escrita originalmente el 21 de julio, dos d\u00edas despu\u00e9s de perder la final del Mundial. El capit\u00e1n de la Albiceleste explic\u00f3 que tom\u00f3 la decisi\u00f3n despu\u00e9s de reflexionarlo durante varios d\u00edas y asegur\u00f3 que se marcha con orgullo por todo [&hellip;]<\/p>\n","protected":false},"author":14,"featured_media":71867,"comment_status":"open","ping_status":"open","sticky":false,"template":"","format":"standard","meta":{"footnotes":""},"categories":[9],"tags":[],"class_list":["post-71866","post","type-post","status-publish","format-standard","has-post-thumbnail","hentry","category-deportes"],"_links":{"self":[{"href":"https:\/\/elmercuriomanta.ec\/index.php\/wp-json\/wp\/v2\/posts\/71866","targetHints":{"allow":["GET"]}}],"collection":[{"href":"https:\/\/elmercuriomanta.ec\/index.php\/wp-json\/wp\/v2\/posts"}],"about":[{"href":"https:\/\/elmercuriomanta.ec\/index.php\/wp-json\/wp\/v2\/types\/post"}],"author":[{"embeddable":true,"href":"https:\/\/elmercuriomanta.ec\/index.php\/wp-json\/wp\/v2\/users\/14"}],"replies":[{"embeddable":true,"href":"https:\/\/elmercuriomanta.ec\/index.php\/wp-json\/wp\/v2\/comments?post=71866"}],"version-history":[{"count":1,"href":"https:\/\/elmercuriomanta.ec\/index.php\/wp-json\/wp\/v2\/posts\/71866\/revisions"}],"predecessor-version":[{"id":71868,"href":"https:\/\/elmercuriomanta.ec\/index.php\/wp-json\/wp\/v2\/posts\/71866\/revisions\/71868"}],"wp:featuredmedia":[{"embeddable":true,"href":"https:\/\/elmercuriomanta.ec\/index.php\/wp-json\/wp\/v2\/media\/71867"}],"wp:attachment":[{"href":"https:\/\/elmercuriomanta.ec\/index.php\/wp-json\/wp\/v2\/media?parent=71866"}],"wp:term":[{"taxonomy":"category","embeddable":true,"href":"https:\/\/elmercuriomanta.ec\/index.php\/wp-json\/wp\/v2\/categories?post=71866"},{"taxonomy":"post_tag","embeddable":true,"href":"https:\/\/elmercuriomanta.ec\/index.php\/wp-json\/wp\/v2\/tags?post=71866"}],"curies":[{"name":"wp","href":"https:\/\/api.w.org\/{rel}","templated":true}]}}