{"id":71849,"date":"2026-09-01T12:35:59","date_gmt":"2026-09-01T17:35:59","guid":{"rendered":"https:\/\/elmercuriomanta.ec\/?p=71849"},"modified":"2026-09-01T12:35:59","modified_gmt":"2026-09-01T17:35:59","slug":"quien-es-jorge-osorio-guarderas-el-nuevo-director-general-del-registro-civil","status":"publish","type":"post","link":"https:\/\/elmercuriomanta.ec\/index.php\/2026\/09\/01\/quien-es-jorge-osorio-guarderas-el-nuevo-director-general-del-registro-civil\/","title":{"rendered":"\u00bfQUI\u00c9N ES JORGE OSORIO GUARDERAS, EL NUEVO DIRECTOR GENERAL DEL REGISTRO CIVIL?"},"content":{"rendered":"\n<figure class=\"wp-block-image aligncenter size-full is-resized\"><img fetchpriority=\"high\" decoding=\"async\" width=\"768\" height=\"432\" src=\"https:\/\/elmercuriomanta.ec\/wp-content\/uploads\/2026\/09\/image-7.png\" alt=\"\" class=\"wp-image-71850\" style=\"width:484px;height:auto\" srcset=\"https:\/\/elmercuriomanta.ec\/wp-content\/uploads\/2026\/09\/image-7.png 768w, https:\/\/elmercuriomanta.ec\/wp-content\/uploads\/2026\/09\/image-7-300x169.png 300w\" sizes=\"(max-width: 768px) 100vw, 768px\" \/><\/figure>\n\n\n\n<p class=\"wp-block-paragraph\">Jorge Osorio Guarderas asumi\u00f3 como nuevo director general del Registro Civil del Ecuador, con 20 a\u00f1os de trayectoria en gesti\u00f3n p\u00fablica y privada. Licenciado en Seguros, conoce de cerca la instituci\u00f3n: desde 2024 se desempe\u00f1aba como subdirector general, donde estuvo a cargo de la planificaci\u00f3n, ejecuci\u00f3n y control de los servicios ciudadanos.<\/p>\n\n\n\n<p class=\"wp-block-paragraph\">Su experiencia abarca direcci\u00f3n estrat\u00e9gica, administraci\u00f3n de operaciones a gran escala, gesti\u00f3n de proyectos y coordinaci\u00f3n de equipos multidisciplinarios. Tambi\u00e9n ha trabajado en el sector financiero corporativo, consultor\u00eda y optimizaci\u00f3n de procesos, con conocimientos en an\u00e1lisis de rentabilidad, control presupuestario y cumplimiento normativo nacional e internacional. Al asumir la Direcci\u00f3n General, Osorio plantea como prioridad una gesti\u00f3n eficiente, cercana y \u00e1gil, as\u00ed como impulsar la transformaci\u00f3n digital de los servicios registrales y de identificaci\u00f3n.<\/p>\n","protected":false},"excerpt":{"rendered":"<p>Jorge Osorio Guarderas asumi\u00f3 como nuevo director general del Registro Civil del Ecuador, con 20 a\u00f1os de trayectoria en gesti\u00f3n p\u00fablica y privada. Licenciado en Seguros, conoce de cerca la instituci\u00f3n: desde 2024 se desempe\u00f1aba como subdirector general, donde estuvo a cargo de la planificaci\u00f3n, ejecuci\u00f3n y control de los servicios ciudadanos.<\/p>\n<p>Su experiencia abarca direcci\u00f3n estrat\u00e9gica, administraci\u00f3n de operaciones a gran escala, gesti\u00f3n de proyectos y coordinaci\u00f3n de equipos multidisciplinarios. Tambi\u00e9n ha trabajado en el sector financiero corporativo, consultor\u00eda y optimizaci\u00f3n de procesos, con conocimientos en an\u00e1lisis de rentabilidad, control presupuestario y cumplimiento normativo nacional e internacional. Al asumir la Direcci\u00f3n General, Osorio plantea como prioridad una gesti\u00f3n eficiente, cercana y \u00e1gil, as\u00ed como impulsar la transformaci\u00f3n digital de los servicios registrales y de identificaci\u00f3n.<\/p>\n","protected":false},"author":12,"featured_media":71850,"comment_status":"open","ping_status":"open","sticky":false,"template":"","format":"standard","meta":{"footnotes":""},"categories":[54],"tags":[],"class_list":["post-71849","post","type-post","status-publish","format-standard","has-post-thumbnail","hentry","category-politica"],"_links":{"self":[{"href":"https:\/\/elmercuriomanta.ec\/index.php\/wp-json\/wp\/v2\/posts\/71849","targetHints":{"allow":["GET"]}}],"collection":[{"href":"https:\/\/elmercuriomanta.ec\/index.php\/wp-json\/wp\/v2\/posts"}],"about":[{"href":"https:\/\/elmercuriomanta.ec\/index.php\/wp-json\/wp\/v2\/types\/post"}],"author":[{"embeddable":true,"href":"https:\/\/elmercuriomanta.ec\/index.php\/wp-json\/wp\/v2\/users\/12"}],"replies":[{"embeddable":true,"href":"https:\/\/elmercuriomanta.ec\/index.php\/wp-json\/wp\/v2\/comments?post=71849"}],"version-history":[{"count":1,"href":"https:\/\/elmercuriomanta.ec\/index.php\/wp-json\/wp\/v2\/posts\/71849\/revisions"}],"predecessor-version":[{"id":71851,"href":"https:\/\/elmercuriomanta.ec\/index.php\/wp-json\/wp\/v2\/posts\/71849\/revisions\/71851"}],"wp:featuredmedia":[{"embeddable":true,"href":"https:\/\/elmercuriomanta.ec\/index.php\/wp-json\/wp\/v2\/media\/71850"}],"wp:attachment":[{"href":"https:\/\/elmercuriomanta.ec\/index.php\/wp-json\/wp\/v2\/media?parent=71849"}],"wp:term":[{"taxonomy":"category","embeddable":true,"href":"https:\/\/elmercuriomanta.ec\/index.php\/wp-json\/wp\/v2\/categories?post=71849"},{"taxonomy":"post_tag","embeddable":true,"href":"https:\/\/elmercuriomanta.ec\/index.php\/wp-json\/wp\/v2\/tags?post=71849"}],"curies":[{"name":"wp","href":"https:\/\/api.w.org\/{rel}","templated":true}]}}