{"id":71843,"date":"2026-09-01T12:16:30","date_gmt":"2026-09-01T17:16:30","guid":{"rendered":"https:\/\/elmercuriomanta.ec\/?p=71843"},"modified":"2026-09-01T12:16:30","modified_gmt":"2026-09-01T17:16:30","slug":"caso-pruebas-covid-19-audiencia-de-juicio-contra-abdala-bucaram-se-declara-fallida-por-quinta-vez","status":"publish","type":"post","link":"https:\/\/elmercuriomanta.ec\/index.php\/2026\/09\/01\/caso-pruebas-covid-19-audiencia-de-juicio-contra-abdala-bucaram-se-declara-fallida-por-quinta-vez\/","title":{"rendered":"CASO PRUEBAS COVID-19: AUDIENCIA DE JUICIO CONTRA ABDAL\u00c1 BUCARAM SE DECLARA FALLIDA POR QUINTA VEZ"},"content":{"rendered":"\n<figure class=\"wp-block-image aligncenter size-large is-resized\"><img fetchpriority=\"high\" decoding=\"async\" width=\"1024\" height=\"683\" src=\"https:\/\/elmercuriomanta.ec\/wp-content\/uploads\/2026\/09\/image-5-1024x683.png\" alt=\"\" class=\"wp-image-71844\" style=\"width:477px;height:auto\" srcset=\"https:\/\/elmercuriomanta.ec\/wp-content\/uploads\/2026\/09\/image-5-1024x683.png 1024w, https:\/\/elmercuriomanta.ec\/wp-content\/uploads\/2026\/09\/image-5-300x200.png 300w, https:\/\/elmercuriomanta.ec\/wp-content\/uploads\/2026\/09\/image-5-768x512.png 768w, https:\/\/elmercuriomanta.ec\/wp-content\/uploads\/2026\/09\/image-5.png 1200w\" sizes=\"(max-width: 1024px) 100vw, 1024px\" \/><\/figure>\n\n\n\n<p class=\"wp-block-paragraph\">La audiencia contra el expresidente Abdal\u00e1 Bucaram Ortiz no pudo instalarse por quinta vez este lunes 31 de agosto de 2026. El Tribunal hab\u00eda ordenado a la Polic\u00eda localizarlo en una cl\u00ednica de Guayaquil, pero los agentes no recibieron facilidades para conocer su paradero. Bucaram, de 74 a\u00f1os, es QUE SUFR\u00cdAN PRESUNTOS MALTRATOS EN SUPUESTA CL\u00cdNICA EN QUITO procesado por presunta delincuencia organizada en el caso Pruebas Covid19.<\/p>\n\n\n\n<p class=\"wp-block-paragraph\">Su defensa pidi\u00f3 un nuevo diferimiento argumentando que permanece hospitalizado por un problema card\u00edaco y que fue operado el 26 de agosto. Ante su ausencia, el Tribunal insisti\u00f3 en que se localice al exmandatario, pero el personal del centro m\u00e9dico impidi\u00f3 a la Polic\u00eda acceder a esa informaci\u00f3n. Con esta nueva suspensi\u00f3n, el juicio suma cinco intentos fallidos. La pr\u00f3xima convocatoria qued\u00f3 fijada para el jueves 3 de septiembre, a las 17:00, cuando se anunciar\u00eda la resoluci\u00f3n sobre la responsabilidad de los procesados.<\/p>\n","protected":false},"excerpt":{"rendered":"<p>La audiencia contra el expresidente Abdal\u00e1 Bucaram Ortiz no pudo reinstalarse por quinta vez este lunes 31 de agosto de 2026. El Tribunal hab\u00eda ordenado a la Polic\u00eda localizarlo en una cl\u00ednica de Guayaquil, pero los agentes no recibieron facilidades para conocer su paradero. Bucaram, de 74 a\u00f1os, es QUE SUFR\u00cdAN PRESUNTOS MALTRATOS EN SUPUESTA CL\u00cdNICA EN QUITO procesado por presunta delincuencia organizada en el caso Pruebas Covid19.<\/p>\n<p>Su defensa pidi\u00f3 un nuevo diferimiento argumentando que permanece hospitalizado por un problema card\u00edaco y que fue operado el 26 de agosto. Ante su ausencia, el Tribunal insisti\u00f3 en que se localice al exmandatario, pero el personal del centro m\u00e9dico impidi\u00f3 a la Polic\u00eda acceder a esa informaci\u00f3n. Con esta nueva suspensi\u00f3n, el juicio suma cinco intentos fallidos. La pr\u00f3xima convocatoria qued\u00f3 fijada para el jueves 3 de septiembre, a las 17:00, cuando se anunciar\u00eda la resoluci\u00f3n sobre la responsabilidad de los procesados.<\/p>\n","protected":false},"author":12,"featured_media":71844,"comment_status":"open","ping_status":"open","sticky":false,"template":"","format":"standard","meta":{"footnotes":""},"categories":[54],"tags":[],"class_list":["post-71843","post","type-post","status-publish","format-standard","has-post-thumbnail","hentry","category-politica"],"_links":{"self":[{"href":"https:\/\/elmercuriomanta.ec\/index.php\/wp-json\/wp\/v2\/posts\/71843","targetHints":{"allow":["GET"]}}],"collection":[{"href":"https:\/\/elmercuriomanta.ec\/index.php\/wp-json\/wp\/v2\/posts"}],"about":[{"href":"https:\/\/elmercuriomanta.ec\/index.php\/wp-json\/wp\/v2\/types\/post"}],"author":[{"embeddable":true,"href":"https:\/\/elmercuriomanta.ec\/index.php\/wp-json\/wp\/v2\/users\/12"}],"replies":[{"embeddable":true,"href":"https:\/\/elmercuriomanta.ec\/index.php\/wp-json\/wp\/v2\/comments?post=71843"}],"version-history":[{"count":1,"href":"https:\/\/elmercuriomanta.ec\/index.php\/wp-json\/wp\/v2\/posts\/71843\/revisions"}],"predecessor-version":[{"id":71845,"href":"https:\/\/elmercuriomanta.ec\/index.php\/wp-json\/wp\/v2\/posts\/71843\/revisions\/71845"}],"wp:featuredmedia":[{"embeddable":true,"href":"https:\/\/elmercuriomanta.ec\/index.php\/wp-json\/wp\/v2\/media\/71844"}],"wp:attachment":[{"href":"https:\/\/elmercuriomanta.ec\/index.php\/wp-json\/wp\/v2\/media?parent=71843"}],"wp:term":[{"taxonomy":"category","embeddable":true,"href":"https:\/\/elmercuriomanta.ec\/index.php\/wp-json\/wp\/v2\/categories?post=71843"},{"taxonomy":"post_tag","embeddable":true,"href":"https:\/\/elmercuriomanta.ec\/index.php\/wp-json\/wp\/v2\/tags?post=71843"}],"curies":[{"name":"wp","href":"https:\/\/api.w.org\/{rel}","templated":true}]}}