{"id":71793,"date":"2026-08-31T11:50:55","date_gmt":"2026-08-31T16:50:55","guid":{"rendered":"https:\/\/elmercuriomanta.ec\/?p=71793"},"modified":"2026-08-31T11:50:55","modified_gmt":"2026-08-31T16:50:55","slug":"todo-listo-para-el-del-regreso-a-clases-en-sierra-y-amazonia-en-ecuador","status":"publish","type":"post","link":"https:\/\/elmercuriomanta.ec\/index.php\/2026\/08\/31\/todo-listo-para-el-del-regreso-a-clases-en-sierra-y-amazonia-en-ecuador\/","title":{"rendered":"TODO LISTO PARA EL DEL REGRESO A CLASES EN SIERRA Y AMAZON\u00cdA EN ECUADOR"},"content":{"rendered":"\n<figure class=\"wp-block-image aligncenter size-large is-resized\"><img fetchpriority=\"high\" decoding=\"async\" width=\"1024\" height=\"683\" src=\"https:\/\/elmercuriomanta.ec\/wp-content\/uploads\/2026\/08\/image-441-1024x683.png\" alt=\"\" class=\"wp-image-71794\" style=\"width:474px;height:auto\" srcset=\"https:\/\/elmercuriomanta.ec\/wp-content\/uploads\/2026\/08\/image-441-1024x683.png 1024w, https:\/\/elmercuriomanta.ec\/wp-content\/uploads\/2026\/08\/image-441-300x200.png 300w, https:\/\/elmercuriomanta.ec\/wp-content\/uploads\/2026\/08\/image-441-768x512.png 768w, https:\/\/elmercuriomanta.ec\/wp-content\/uploads\/2026\/08\/image-441.png 1536w\" sizes=\"(max-width: 1024px) 100vw, 1024px\" \/><\/figure>\n\n\n\n<p class=\"wp-block-paragraph\">M\u00e1s de 1.7 millones de estudiantes de Sierra y Amazon\u00eda inician el a\u00f1o lectivo 2026-2027. El retorno, desde el martes 1 de septiembre, ser\u00e1 escalonado: el primer d\u00eda ingresan Bachillerato e Inicial; el 2, octavo a d\u00e9cimo de B\u00e1sica y primero de Preparatoria; y el 3, de segundo a s\u00e9ptimo. En Quito, la Agencia Metropolitana de Tr\u00e1nsito (AMT) desplegar\u00e1 586 agentes por turno, priorizando 180 unidades educativas.<\/p>\n\n\n\n<p class=\"wp-block-paragraph\">Los puntos cr\u00edticos de movilidad ser\u00e1n la Panamericana Norte, el Redondel del Ciclista, La Mar\u00edn, Quitumbe y Mor\u00e1n Valverde. No habr\u00e1 cierres viales, pero s\u00ed controles en zonas con obras como Calder\u00f3n y Tumbaco. A partir del 1 de septiembre volver\u00e1n cinco rutas de expresos escolares de Troleb\u00fas y Ecov\u00eda, con tarifa estudiantil de USD 0.17. Adem\u00e1s, el Municipio se\u00f1aliza 150 escuelas y colegios, donde la velocidad m\u00e1xima ser\u00e1 de 20 km\/h. Se recomienda a las familias planificar sus traslados, especialmente en sectores con alta concentraci\u00f3n de planteles.<\/p>\n","protected":false},"excerpt":{"rendered":"<p>M\u00e1s de 1.7 millones de estudiantes de Sierra y Amazon\u00eda inician el a\u00f1o lectivo 2026-2027. El retorno, desde el martes 1 de septiembre, ser\u00e1 escalonado: el primer d\u00eda ingresan Bachillerato e Inicial; el 2, octavo a d\u00e9cimo de B\u00e1sica y primero de Preparatoria; y el 3, de segundo a s\u00e9ptimo. En Quito, la Agencia Metropolitana de Tr\u00e1nsito (AMT) desplegar\u00e1 586 agentes por turno, priorizando 180 unidades educativas.<\/p>\n<p>Los puntos cr\u00edticos de movilidad ser\u00e1n la Panamericana Norte, el Redondel del Ciclista, La Mar\u00edn, Quitumbe y Mor\u00e1n Valverde. No habr\u00e1 cierres viales, pero s\u00ed controles en zonas con obras como Calder\u00f3n y Tumbaco. A partir del 1 de septiembre volver\u00e1n cinco rutas de expresos escolares de Troleb\u00fas y Ecov\u00eda, con tarifa estudiantil de USD 0.17. Adem\u00e1s, el Municipio se\u00f1aliza 150 escuelas y colegios, donde la velocidad m\u00e1xima ser\u00e1 de 20 km\/h. Se recomienda a las familias planificar sus traslados, especialmente en sectores con alta concentraci\u00f3n de planteles.<\/p>\n","protected":false},"author":12,"featured_media":71794,"comment_status":"open","ping_status":"open","sticky":false,"template":"","format":"standard","meta":{"footnotes":""},"categories":[105],"tags":[],"class_list":["post-71793","post","type-post","status-publish","format-standard","has-post-thumbnail","hentry","category-noticias"],"_links":{"self":[{"href":"https:\/\/elmercuriomanta.ec\/index.php\/wp-json\/wp\/v2\/posts\/71793","targetHints":{"allow":["GET"]}}],"collection":[{"href":"https:\/\/elmercuriomanta.ec\/index.php\/wp-json\/wp\/v2\/posts"}],"about":[{"href":"https:\/\/elmercuriomanta.ec\/index.php\/wp-json\/wp\/v2\/types\/post"}],"author":[{"embeddable":true,"href":"https:\/\/elmercuriomanta.ec\/index.php\/wp-json\/wp\/v2\/users\/12"}],"replies":[{"embeddable":true,"href":"https:\/\/elmercuriomanta.ec\/index.php\/wp-json\/wp\/v2\/comments?post=71793"}],"version-history":[{"count":1,"href":"https:\/\/elmercuriomanta.ec\/index.php\/wp-json\/wp\/v2\/posts\/71793\/revisions"}],"predecessor-version":[{"id":71795,"href":"https:\/\/elmercuriomanta.ec\/index.php\/wp-json\/wp\/v2\/posts\/71793\/revisions\/71795"}],"wp:featuredmedia":[{"embeddable":true,"href":"https:\/\/elmercuriomanta.ec\/index.php\/wp-json\/wp\/v2\/media\/71794"}],"wp:attachment":[{"href":"https:\/\/elmercuriomanta.ec\/index.php\/wp-json\/wp\/v2\/media?parent=71793"}],"wp:term":[{"taxonomy":"category","embeddable":true,"href":"https:\/\/elmercuriomanta.ec\/index.php\/wp-json\/wp\/v2\/categories?post=71793"},{"taxonomy":"post_tag","embeddable":true,"href":"https:\/\/elmercuriomanta.ec\/index.php\/wp-json\/wp\/v2\/tags?post=71793"}],"curies":[{"name":"wp","href":"https:\/\/api.w.org\/{rel}","templated":true}]}}