{"id":71790,"date":"2026-08-31T11:42:35","date_gmt":"2026-08-31T16:42:35","guid":{"rendered":"https:\/\/elmercuriomanta.ec\/?p=71790"},"modified":"2026-08-31T11:42:35","modified_gmt":"2026-08-31T16:42:35","slug":"lluvias-provocan-un-lahar-en-el-volcan-reventador-geofisico-pide-alejarse-de-rios-y-quebradas","status":"publish","type":"post","link":"https:\/\/elmercuriomanta.ec\/index.php\/2026\/08\/31\/lluvias-provocan-un-lahar-en-el-volcan-reventador-geofisico-pide-alejarse-de-rios-y-quebradas\/","title":{"rendered":"LLUVIAS PROVOCAN UN LAHAR EN EL VOLC\u00c1N REVENTADOR: GEOF\u00cdSICO PIDE ALEJARSE DE R\u00cdOS Y QUEBRADAS"},"content":{"rendered":"\n<figure class=\"wp-block-image aligncenter size-full\"><img fetchpriority=\"high\" decoding=\"async\" width=\"448\" height=\"252\" src=\"https:\/\/elmercuriomanta.ec\/wp-content\/uploads\/2026\/08\/image-440.png\" alt=\"\" class=\"wp-image-71791\" srcset=\"https:\/\/elmercuriomanta.ec\/wp-content\/uploads\/2026\/08\/image-440.png 448w, https:\/\/elmercuriomanta.ec\/wp-content\/uploads\/2026\/08\/image-440-300x169.png 300w\" sizes=\"(max-width: 448px) 100vw, 448px\" \/><\/figure>\n\n\n\n<p class=\"wp-block-paragraph\">Un lahar secundario de tama\u00f1o peque\u00f1o a moderado se registr\u00f3 el domingo 30 de agosto de 2026 en el flanco norte del volc\u00e1n Reventador. El Instituto Geof\u00edsico (IGEPN) inform\u00f3 que el fen\u00f3meno, detectado desde las 13:20, est\u00e1 relacionado con las fuertes lluvias y no con un incremento de la actividad interna del volc\u00e1n.<\/p>\n\n\n\n<p class=\"wp-block-paragraph\">El lahar se produjo por el desplazamiento de sedimentos removidos por las lluvias en las zonas altas. Estos eventos movilizan agua y sedimentos por quebradas y cauces cercanos, por lo que se recomienda a la poblaci\u00f3n alejarse de ellos, especialmente mientras persistan las lluvias. El IG-EPN mantiene vigilancia continua y emitir\u00e1 nuevos reportes si detecta cambios en los par\u00e1metros de monitoreo.<\/p>\n","protected":false},"excerpt":{"rendered":"<p>Un lahar secundario de tama\u00f1o peque\u00f1o a moderado se registr\u00f3 el domingo 30 de agosto de 2026 en el flanco norte del volc\u00e1n Reventador. El Instituto Geof\u00edsico (IGEPN) inform\u00f3 que el fen\u00f3meno, detectado desde las 13:20, est\u00e1 relacionado con las fuertes lluvias y no con un incremento de la actividad interna del volc\u00e1n.<\/p>\n<p>El lahar se produjo por el desplazamiento de sedimentos removidos por las lluvias en las zonas altas. Estos eventos movilizan agua y sedimentos por quebradas y cauces cercanos, por lo que se recomienda a la poblaci\u00f3n alejarse de ellos, especialmente mientras persistan las lluvias. El IG-EPN mantiene vigilancia continua y emitir\u00e1 nuevos reportes si detecta cambios en los par\u00e1metros de monitoreo.<\/p>\n","protected":false},"author":12,"featured_media":71791,"comment_status":"open","ping_status":"open","sticky":false,"template":"","format":"standard","meta":{"footnotes":""},"categories":[106],"tags":[],"class_list":["post-71790","post","type-post","status-publish","format-standard","has-post-thumbnail","hentry","category-nacionales"],"_links":{"self":[{"href":"https:\/\/elmercuriomanta.ec\/index.php\/wp-json\/wp\/v2\/posts\/71790","targetHints":{"allow":["GET"]}}],"collection":[{"href":"https:\/\/elmercuriomanta.ec\/index.php\/wp-json\/wp\/v2\/posts"}],"about":[{"href":"https:\/\/elmercuriomanta.ec\/index.php\/wp-json\/wp\/v2\/types\/post"}],"author":[{"embeddable":true,"href":"https:\/\/elmercuriomanta.ec\/index.php\/wp-json\/wp\/v2\/users\/12"}],"replies":[{"embeddable":true,"href":"https:\/\/elmercuriomanta.ec\/index.php\/wp-json\/wp\/v2\/comments?post=71790"}],"version-history":[{"count":1,"href":"https:\/\/elmercuriomanta.ec\/index.php\/wp-json\/wp\/v2\/posts\/71790\/revisions"}],"predecessor-version":[{"id":71792,"href":"https:\/\/elmercuriomanta.ec\/index.php\/wp-json\/wp\/v2\/posts\/71790\/revisions\/71792"}],"wp:featuredmedia":[{"embeddable":true,"href":"https:\/\/elmercuriomanta.ec\/index.php\/wp-json\/wp\/v2\/media\/71791"}],"wp:attachment":[{"href":"https:\/\/elmercuriomanta.ec\/index.php\/wp-json\/wp\/v2\/media?parent=71790"}],"wp:term":[{"taxonomy":"category","embeddable":true,"href":"https:\/\/elmercuriomanta.ec\/index.php\/wp-json\/wp\/v2\/categories?post=71790"},{"taxonomy":"post_tag","embeddable":true,"href":"https:\/\/elmercuriomanta.ec\/index.php\/wp-json\/wp\/v2\/tags?post=71790"}],"curies":[{"name":"wp","href":"https:\/\/api.w.org\/{rel}","templated":true}]}}