{"id":6904,"date":"2023-10-09T11:02:25","date_gmt":"2023-10-09T16:02:25","guid":{"rendered":"https:\/\/elmercuriomanta.ec\/?p=6904"},"modified":"2023-10-09T11:02:27","modified_gmt":"2023-10-09T16:02:27","slug":"los-esteros-tiene-reina-y-una-buena-voz","status":"publish","type":"post","link":"https:\/\/elmercuriomanta.ec\/index.php\/2023\/10\/09\/los-esteros-tiene-reina-y-una-buena-voz\/","title":{"rendered":"Los Esteros tiene reina y una buena voz"},"content":{"rendered":"\n<figure class=\"wp-block-image aligncenter size-large is-resized\"><img fetchpriority=\"high\" decoding=\"async\" src=\"https:\/\/elmercuriomanta.ec\/wp-content\/uploads\/2023\/10\/image-77-1024x682.png\" alt=\"\" class=\"wp-image-6905\" style=\"width:371px;height:247px\" width=\"371\" height=\"247\" srcset=\"https:\/\/elmercuriomanta.ec\/wp-content\/uploads\/2023\/10\/image-77-1024x682.png 1024w, https:\/\/elmercuriomanta.ec\/wp-content\/uploads\/2023\/10\/image-77-300x200.png 300w, https:\/\/elmercuriomanta.ec\/wp-content\/uploads\/2023\/10\/image-77-768x512.png 768w, https:\/\/elmercuriomanta.ec\/wp-content\/uploads\/2023\/10\/image-77-1536x1023.png 1536w, https:\/\/elmercuriomanta.ec\/wp-content\/uploads\/2023\/10\/image-77.png 1600w\" sizes=\"(max-width: 371px) 100vw, 371px\" \/><\/figure>\n\n\n\n<p>Angie Blacio luc\u00eda hermosa en la noche de su proclamaci\u00f3n como reina de Los Esteros, este 6 de octubre, que en s\u00ed fue un viernes diferente para ella. Irradiaba energ\u00eda con sus vecinos y sus compa\u00f1eras: Italy Saltos, virreina; Gina Castro, reina del Cholo Pescador; y Andrea Jare, se\u00f1orita Diario El Mercurio.<\/p>\n\n\n\n<p>Esto, en un acto desarrollado en la Casa de los Barrios, por la conmemoraci\u00f3n de los 44 a\u00f1os de creaci\u00f3n de esta parroquia el pr\u00f3ximo 12 de octubre, dentro de la agenda de Octubre, Mes del Arte y la Cultura en Manta. Y fue diferente este viernes para Angie, porque primero estuvo en su propia proclamaci\u00f3n como reina y despu\u00e9s fue a cumplir otra faceta de su vida que m\u00e1s le gusta, la de cantante. Y as\u00ed, horas despu\u00e9s, cant\u00f3 en la elecci\u00f3n de Reina de Tarqui, donde incluso present\u00f3 Mambo, un tema de su pronta producci\u00f3n discogr\u00e1fica.<\/p>\n","protected":false},"excerpt":{"rendered":"<p>Angie Blacio luc\u00eda hermosa en la noche de su proclamaci\u00f3n como reina de Los Esteros, este 6 de octubre, que en s\u00ed fue un viernes diferente para ella. Irradiaba energ\u00eda con sus vecinos y sus compa\u00f1eras: Italy Saltos, virreina; Gina Castro, reina del Cholo Pescador; y Andrea Jare, se\u00f1orita Diario El Mercurio.<\/p>\n","protected":false},"author":1,"featured_media":6905,"comment_status":"open","ping_status":"open","sticky":false,"template":"","format":"standard","meta":{"footnotes":""},"categories":[20],"tags":[],"class_list":["post-6904","post","type-post","status-publish","format-standard","has-post-thumbnail","hentry","category-portada-2"],"_links":{"self":[{"href":"https:\/\/elmercuriomanta.ec\/index.php\/wp-json\/wp\/v2\/posts\/6904","targetHints":{"allow":["GET"]}}],"collection":[{"href":"https:\/\/elmercuriomanta.ec\/index.php\/wp-json\/wp\/v2\/posts"}],"about":[{"href":"https:\/\/elmercuriomanta.ec\/index.php\/wp-json\/wp\/v2\/types\/post"}],"author":[{"embeddable":true,"href":"https:\/\/elmercuriomanta.ec\/index.php\/wp-json\/wp\/v2\/users\/1"}],"replies":[{"embeddable":true,"href":"https:\/\/elmercuriomanta.ec\/index.php\/wp-json\/wp\/v2\/comments?post=6904"}],"version-history":[{"count":1,"href":"https:\/\/elmercuriomanta.ec\/index.php\/wp-json\/wp\/v2\/posts\/6904\/revisions"}],"predecessor-version":[{"id":6906,"href":"https:\/\/elmercuriomanta.ec\/index.php\/wp-json\/wp\/v2\/posts\/6904\/revisions\/6906"}],"wp:featuredmedia":[{"embeddable":true,"href":"https:\/\/elmercuriomanta.ec\/index.php\/wp-json\/wp\/v2\/media\/6905"}],"wp:attachment":[{"href":"https:\/\/elmercuriomanta.ec\/index.php\/wp-json\/wp\/v2\/media?parent=6904"}],"wp:term":[{"taxonomy":"category","embeddable":true,"href":"https:\/\/elmercuriomanta.ec\/index.php\/wp-json\/wp\/v2\/categories?post=6904"},{"taxonomy":"post_tag","embeddable":true,"href":"https:\/\/elmercuriomanta.ec\/index.php\/wp-json\/wp\/v2\/tags?post=6904"}],"curies":[{"name":"wp","href":"https:\/\/api.w.org\/{rel}","templated":true}]}}