{"id":6804,"date":"2023-10-07T14:24:50","date_gmt":"2023-10-07T19:24:50","guid":{"rendered":"https:\/\/elmercuriomanta.ec\/?p=6804"},"modified":"2023-10-07T14:24:52","modified_gmt":"2023-10-07T19:24:52","slug":"por-el-magnicidio-de-villavicencio-asesinan-en-prision-a-los-sicarios-colombianos-detenidos","status":"publish","type":"post","link":"https:\/\/elmercuriomanta.ec\/index.php\/2023\/10\/07\/por-el-magnicidio-de-villavicencio-asesinan-en-prision-a-los-sicarios-colombianos-detenidos\/","title":{"rendered":"Por el magnicidio de Villavicencio asesinan en prisi\u00f3n a los sicarios colombianos detenidos"},"content":{"rendered":"\n<figure class=\"wp-block-image aligncenter size-full is-resized\"><img fetchpriority=\"high\" decoding=\"async\" src=\"https:\/\/elmercuriomanta.ec\/wp-content\/uploads\/2023\/10\/image-60.png\" alt=\"\" class=\"wp-image-6805\" style=\"width:389px;height:255px\" width=\"389\" height=\"255\" srcset=\"https:\/\/elmercuriomanta.ec\/wp-content\/uploads\/2023\/10\/image-60.png 770w, https:\/\/elmercuriomanta.ec\/wp-content\/uploads\/2023\/10\/image-60-300x197.png 300w, https:\/\/elmercuriomanta.ec\/wp-content\/uploads\/2023\/10\/image-60-768x504.png 768w\" sizes=\"(max-width: 389px) 100vw, 389px\" \/><\/figure>\n\n\n\n<p>Los seis sicarios colombianos que fueron detenidos como presuntos responsables del asesinato del candidato presidencial, Fernando Villavicencio, fueron asesinados la tarde de este viernes 6 de octubre en el pabell\u00f3n 7 de la Penitenciar\u00eda del Litoral. Ellos estaban recluidos en este lugar desde el pasado 12 de septiembre, d\u00eda en el que un dron cargado con explosivo se pos\u00f3 sobre el techo de la c\u00e1rcel La Roca en la que permanec\u00edan desde su traslado desde Quito. El SNAI confirm\u00f3, a trav\u00e9s de un comunicado de prensa, que fueron seis los presos hallados sin vida en el lugar. Y aunque inicialmente no hablaron de que se trataba de ellos, con el trascurso de las horas la informaci\u00f3n termin\u00f3 por confirmarse. \u00abTodas las PPL son de nacionalidad colombiana y estaban imputadas por el asesinato del expresidenciable Fernando Villavicencio\u00bb, public\u00f3 el SNAI.<\/p>\n\n\n\n<p>Esto ocurri\u00f3 justo un d\u00eda antes de que se diera por terminada la etapa de instrucci\u00f3n fiscal por parte de la Fiscal\u00eda General del Estado y se diera paso al juicio en la investigaci\u00f3n que se adelanta por el magnicidio de Villavicencio. \u2022 \u00bfQui\u00e9nes eran los detenidos? Los aprehendidos y hoy fallecidos son Andr\u00e9s Manuel Mosquera Ortiz, Jos\u00e9 Neyder L\u00f3pez Hitaz, Adey Fernando Garc\u00eda Garc\u00eda, Camilo Andr\u00e9s Romero Reyes, Jules Osmin Casta\u00f1o Alzate y Jhon Gregore Rodr\u00edguez Gomgora. Este \u00faltimo aparec\u00eda en bases de datos de la Registradur\u00eda Nacional de Colombia como residente de Quito, Ecuador. Rodr\u00edguez Gomgora ten\u00eda asignada como mesa de votaci\u00f3n para las pr\u00f3ximas elecciones regionales que se celebrar\u00e1n en ese pa\u00eds el pr\u00f3ximo mes de octubre el Consulado en la capital, en la mesa n\u00famero 9.<\/p>\n\n\n\n<p>Los detenidos eran de diferentes regiones de Colombia. L\u00f3pez Hitaz ser\u00eda oriundo de Cali, Valle del Cauca; Romero Reyes de Bogot\u00e1 y Romero Reyes de Florencia, Caquet\u00e1. En el caso de Adey Fernando Garc\u00eda Garc\u00eda, aparece con antecedentes por narcotr\u00e1fico y homicidio y fue sentenciado a 10 a\u00f1os de prisi\u00f3n por estos hechos. Entre tanto, Casta\u00f1o Alzate fue sentenciado en marzo de 2016 a cuatro a\u00f1os y medio de prisi\u00f3n por el delito de tr\u00e1fico, fabricaci\u00f3n o porte de estupefacientes. Todo indica que a ellos los iban a trasladar antes de su muerte. \u00abLa alerta se dio este jueves 5 de octubre. Nosotros avisamos al SNAI, ellos son los encargados y quienes dan la autorizaci\u00f3n para los traslados de los presos. Llegaron agentes del GIR, GOE, las Fuerzas Armadas, un avi\u00f3n de Aeropolicial, pero no se pudo realizar el traslado, no se dio la orden. Los detenidos por el asesinato de Villavicencio estaban en el pabell\u00f3n 7, desde la explosi\u00f3n del dron en La Roca\u00bb, le dijo a EXTRA una fuente policial.<\/p>\n\n\n\n<p>\u00abA los colombianos los trajeron desde Quito a la c\u00e1rcel de m\u00e1xima seguridad, es posible que el atentado con dron, el pasado 12 de septiembre tambi\u00e9n haya estado dirigido a ellos\u00bb, a\u00f1adi\u00f3. El presidente de la Rep\u00fablica, Guillermo Lasso, inform\u00f3 que suspend\u00eda su viaje a EE. UU. para atender esta situaci\u00f3n y que, en las pr\u00f3ximas horas, retornar\u00eda al pa\u00eds. Por su parte, el SNAI rechaz\u00f3 este homicidio m\u00faltiple. \u00abEl Gobierno Nacional condena este hecho y ratifica su voluntad pol\u00edtica para colaborar con las investigaciones pertinentes a fin de identificar a los responsables intelectuales del crimen del excandidato\u00bb, se\u00f1alaron.<\/p>\n","protected":false},"excerpt":{"rendered":"<p>Los seis sicarios colombianos que fueron detenidos como presuntos responsables del asesinato del candidato presidencial, Fernando Villavicencio, fueron asesinados la tarde de este viernes 6 de octubre en el pabell\u00f3n 7 de la Penitenciar\u00eda del Litoral. Ellos estaban recluidos en este lugar desde el pasado 12 de septiembre, d\u00eda en el que un dron cargado con explosivo se pos\u00f3 sobre el techo de la c\u00e1rcel La Roca en la que permanec\u00edan desde su traslado desde Quito. El SNAI confirm\u00f3, a trav\u00e9s de un comunicado de prensa, que fueron seis los presos hallados sin vida en el lugar.<\/p>\n","protected":false},"author":1,"featured_media":6805,"comment_status":"open","ping_status":"open","sticky":false,"template":"","format":"standard","meta":{"footnotes":""},"categories":[16],"tags":[],"class_list":["post-6804","post","type-post","status-publish","format-standard","has-post-thumbnail","hentry","category-cronica"],"_links":{"self":[{"href":"https:\/\/elmercuriomanta.ec\/index.php\/wp-json\/wp\/v2\/posts\/6804","targetHints":{"allow":["GET"]}}],"collection":[{"href":"https:\/\/elmercuriomanta.ec\/index.php\/wp-json\/wp\/v2\/posts"}],"about":[{"href":"https:\/\/elmercuriomanta.ec\/index.php\/wp-json\/wp\/v2\/types\/post"}],"author":[{"embeddable":true,"href":"https:\/\/elmercuriomanta.ec\/index.php\/wp-json\/wp\/v2\/users\/1"}],"replies":[{"embeddable":true,"href":"https:\/\/elmercuriomanta.ec\/index.php\/wp-json\/wp\/v2\/comments?post=6804"}],"version-history":[{"count":1,"href":"https:\/\/elmercuriomanta.ec\/index.php\/wp-json\/wp\/v2\/posts\/6804\/revisions"}],"predecessor-version":[{"id":6806,"href":"https:\/\/elmercuriomanta.ec\/index.php\/wp-json\/wp\/v2\/posts\/6804\/revisions\/6806"}],"wp:featuredmedia":[{"embeddable":true,"href":"https:\/\/elmercuriomanta.ec\/index.php\/wp-json\/wp\/v2\/media\/6805"}],"wp:attachment":[{"href":"https:\/\/elmercuriomanta.ec\/index.php\/wp-json\/wp\/v2\/media?parent=6804"}],"wp:term":[{"taxonomy":"category","embeddable":true,"href":"https:\/\/elmercuriomanta.ec\/index.php\/wp-json\/wp\/v2\/categories?post=6804"},{"taxonomy":"post_tag","embeddable":true,"href":"https:\/\/elmercuriomanta.ec\/index.php\/wp-json\/wp\/v2\/tags?post=6804"}],"curies":[{"name":"wp","href":"https:\/\/api.w.org\/{rel}","templated":true}]}}