{"id":6683,"date":"2023-10-05T09:46:38","date_gmt":"2023-10-05T14:46:38","guid":{"rendered":"https:\/\/elmercuriomanta.ec\/?p=6683"},"modified":"2023-10-05T09:46:40","modified_gmt":"2023-10-05T14:46:40","slug":"alrededor-de-10-millones-de-ecuatorianos-vieron-el-debate-de-segunda-vuelta","status":"publish","type":"post","link":"https:\/\/elmercuriomanta.ec\/index.php\/2023\/10\/05\/alrededor-de-10-millones-de-ecuatorianos-vieron-el-debate-de-segunda-vuelta\/","title":{"rendered":"Alrededor de 10 millones de ecuatorianos vieron el debate de Segunda Vuelta"},"content":{"rendered":"\n<figure class=\"wp-block-image aligncenter size-full is-resized\"><img fetchpriority=\"high\" decoding=\"async\" src=\"https:\/\/elmercuriomanta.ec\/wp-content\/uploads\/2023\/10\/WhatsApp-Image-2023-10-05-at-09.17.35.jpeg\" alt=\"\" class=\"wp-image-6686\" style=\"width:317px;height:317px\" width=\"317\" height=\"317\" srcset=\"https:\/\/elmercuriomanta.ec\/wp-content\/uploads\/2023\/10\/WhatsApp-Image-2023-10-05-at-09.17.35.jpeg 900w, https:\/\/elmercuriomanta.ec\/wp-content\/uploads\/2023\/10\/WhatsApp-Image-2023-10-05-at-09.17.35-300x300.jpeg 300w, https:\/\/elmercuriomanta.ec\/wp-content\/uploads\/2023\/10\/WhatsApp-Image-2023-10-05-at-09.17.35-150x150.jpeg 150w, https:\/\/elmercuriomanta.ec\/wp-content\/uploads\/2023\/10\/WhatsApp-Image-2023-10-05-at-09.17.35-768x768.jpeg 768w\" sizes=\"(max-width: 317px) 100vw, 317px\" \/><\/figure>\n\n\n\n<p>El pasado domingo 1 de octubre, se realiz\u00f3 Ecuador Debate 2023, correspondiente a la Segunda Vuelta de las Elecciones Anticipadas. Un encuentro que fue transmitido a trav\u00e9s de cadena nacional de radio y televisi\u00f3n, canales oficiales del Consejo Nacional Electoral (CNE) y retransmitido por diferentes plataformas digitales, alcanzando una audiencia estimada de 9\u00b4892.832 de acuerdo con el siguiente detalle:<\/p>\n\n\n\n<p>MEDIO AUDIENCIA ESTIMADA<br>CNE redes matriz 2\u00b4475.531<br>CNE redes 24 provincias 2\u00b4512.989<br>Radio y TV provincias 1\u00b4948.507<br>Medios digitales 1\u00b4681.805<br>Ecuador TV 1\u00b4274.000<br>Total 9\u00b4892.832<\/p>\n\n\n\n<p>La transmisi\u00f3n est\u00e1 disponible para que la ciudadan\u00eda lo pueda revisar en las cuentas de Youtube y Facebook oficiales del CNE. De esta manera promovemos el voto informado para que los ecuatorianos se pronuncien en las urnas el pr\u00f3ximo 15 de octubre.<\/p>\n","protected":false},"excerpt":{"rendered":"<p>El pasado domingo 1 de octubre, se realiz\u00f3 Ecuador Debate 2023, correspondiente a la Segunda Vuelta de las Elecciones Anticipadas. Un encuentro que fue transmitido a trav\u00e9s de cadena nacional de radio y televisi\u00f3n, canales oficiales del Consejo Nacional Electoral (CNE) y retransmitido por diferentes plataformas digitales<\/p>\n","protected":false},"author":1,"featured_media":6686,"comment_status":"open","ping_status":"open","sticky":false,"template":"","format":"standard","meta":{"footnotes":""},"categories":[19,1],"tags":[],"class_list":["post-6683","post","type-post","status-publish","format-standard","has-post-thumbnail","hentry","category-portada-1","category-uncategorized"],"_links":{"self":[{"href":"https:\/\/elmercuriomanta.ec\/index.php\/wp-json\/wp\/v2\/posts\/6683","targetHints":{"allow":["GET"]}}],"collection":[{"href":"https:\/\/elmercuriomanta.ec\/index.php\/wp-json\/wp\/v2\/posts"}],"about":[{"href":"https:\/\/elmercuriomanta.ec\/index.php\/wp-json\/wp\/v2\/types\/post"}],"author":[{"embeddable":true,"href":"https:\/\/elmercuriomanta.ec\/index.php\/wp-json\/wp\/v2\/users\/1"}],"replies":[{"embeddable":true,"href":"https:\/\/elmercuriomanta.ec\/index.php\/wp-json\/wp\/v2\/comments?post=6683"}],"version-history":[{"count":1,"href":"https:\/\/elmercuriomanta.ec\/index.php\/wp-json\/wp\/v2\/posts\/6683\/revisions"}],"predecessor-version":[{"id":6687,"href":"https:\/\/elmercuriomanta.ec\/index.php\/wp-json\/wp\/v2\/posts\/6683\/revisions\/6687"}],"wp:featuredmedia":[{"embeddable":true,"href":"https:\/\/elmercuriomanta.ec\/index.php\/wp-json\/wp\/v2\/media\/6686"}],"wp:attachment":[{"href":"https:\/\/elmercuriomanta.ec\/index.php\/wp-json\/wp\/v2\/media?parent=6683"}],"wp:term":[{"taxonomy":"category","embeddable":true,"href":"https:\/\/elmercuriomanta.ec\/index.php\/wp-json\/wp\/v2\/categories?post=6683"},{"taxonomy":"post_tag","embeddable":true,"href":"https:\/\/elmercuriomanta.ec\/index.php\/wp-json\/wp\/v2\/tags?post=6683"}],"curies":[{"name":"wp","href":"https:\/\/api.w.org\/{rel}","templated":true}]}}