{"id":64993,"date":"2026-05-01T10:23:25","date_gmt":"2026-05-01T15:23:25","guid":{"rendered":"https:\/\/elmercuriomanta.ec\/?p=64993"},"modified":"2026-05-01T10:23:25","modified_gmt":"2026-05-01T15:23:25","slug":"oleaje-en-ecuador-inocar-alerta-mar-agitado-durante-el-feriado","status":"publish","type":"post","link":"https:\/\/elmercuriomanta.ec\/index.php\/2026\/05\/01\/oleaje-en-ecuador-inocar-alerta-mar-agitado-durante-el-feriado\/","title":{"rendered":"OLEAJE EN ECUADOR: INOCAR ALERTA MAR AGITADO DURANTE EL FERIADO"},"content":{"rendered":"\n<figure class=\"wp-block-image aligncenter size-large is-resized\"><img fetchpriority=\"high\" decoding=\"async\" width=\"1024\" height=\"576\" src=\"https:\/\/elmercuriomanta.ec\/wp-content\/uploads\/2026\/05\/image-4-1024x576.png\" alt=\"\" class=\"wp-image-64994\" style=\"width:503px;height:auto\" srcset=\"https:\/\/elmercuriomanta.ec\/wp-content\/uploads\/2026\/05\/image-4-1024x576.png 1024w, https:\/\/elmercuriomanta.ec\/wp-content\/uploads\/2026\/05\/image-4-300x169.png 300w, https:\/\/elmercuriomanta.ec\/wp-content\/uploads\/2026\/05\/image-4-768x432.png 768w, https:\/\/elmercuriomanta.ec\/wp-content\/uploads\/2026\/05\/image-4.png 1200w\" sizes=\"(max-width: 1024px) 100vw, 1024px\" \/><\/figure>\n\n\n\n<p>Quienes planeen viajar a las playas de Ecuador durante el feriado del 1 de mayo deben estar atentos: el Instituto Oceanogr\u00e1fico y Ant\u00e1rtico de la Armada (Inocar) advierte que habr\u00e1 oleaje agitado y mar revuelto entre el 1 y el 4 de mayo de 2026. Seg\u00fan el bolet\u00edn difundido el jueves 30 de abril, se espera el arribo de olas provenientes del Pac\u00edfico Sur, que impactar\u00e1n principalmente en Gal\u00e1pagos, Esmeraldas, Manab\u00ed y Santa Elena.<\/p>\n\n\n\n<p>\u201cDel 1 al 4 de mayo se espera un estado de mar agitado\u201d, se\u00f1ala el Inocar, que recomienda extremar precauciones: las olas romper\u00e1n con mayor fuerza y podr\u00edan generar corrientes de resaca. Estas corrientes son descritas por la instituci\u00f3n como \u201cun flujo intenso de agua que regresa de la orilla hacia el mar profundo con gran velocidad\u201d. Se forman cuando olas fuertes rompen sobre bancos de arena, \u201ccreando canales peligrosos que pueden arrastrar a los ba\u00f1istas mar adentro\u201d. Las olas m\u00e1s altas se registrar\u00e1n en Gal\u00e1pagos, con m\u00e1ximos de 1,80 metros y un intervalo de 16 segundos. En Santa Elena y Guayas alcanzar\u00e1n hasta 1,30 metros; en Esmeraldas y Manab\u00ed, entre 0,50 y 1,10 metros.<\/p>\n","protected":false},"excerpt":{"rendered":"<p>Quienes planeen viajar a las playas de Ecuador durante el feriado del 1 de mayo deben estar atentos: el Instituto Oceanogr\u00e1fico y Ant\u00e1rtico de la Armada (Inocar) advierte que habr\u00e1 oleaje agitado y mar revuelto entre el 1 y el 4 de mayo de 2026. Seg\u00fan el bolet\u00edn difundido el jueves 30 de abril, se espera el arribo de olas provenientes del Pac\u00edfico Sur, que impactar\u00e1n principalmente en Gal\u00e1pagos, Esmeraldas, Manab\u00ed y Santa Elena.<\/p>\n<p>\u201cDel 1 al 4 de mayo se espera un estado de mar agitado\u201d, se\u00f1ala el Inocar, que recomienda extremar precauciones: las olas romper\u00e1n con mayor fuerza y podr\u00edan generar corrientes de resaca. Estas corrientes son descritas por la instituci\u00f3n como \u201cun flujo intenso de agua que regresa de la orilla hacia el mar profundo con gran velocidad\u201d. Se forman cuando olas fuertes rompen sobre bancos de arena, \u201ccreando canales peligrosos que pueden arrastrar a los ba\u00f1istas mar adentro\u201d. Las olas m\u00e1s altas se registrar\u00e1n en Gal\u00e1pagos, con m\u00e1ximos de 1,80 metros y un intervalo de 16 segundos. En Santa Elena y Guayas alcanzar\u00e1n hasta 1,30 metros; en Esmeraldas y Manab\u00ed, entre 0,50 y 1,10 metros.<\/p>\n","protected":false},"author":12,"featured_media":64994,"comment_status":"open","ping_status":"open","sticky":false,"template":"","format":"standard","meta":{"footnotes":""},"categories":[21],"tags":[],"class_list":["post-64993","post","type-post","status-publish","format-standard","has-post-thumbnail","hentry","category-noticia-del-dia"],"_links":{"self":[{"href":"https:\/\/elmercuriomanta.ec\/index.php\/wp-json\/wp\/v2\/posts\/64993","targetHints":{"allow":["GET"]}}],"collection":[{"href":"https:\/\/elmercuriomanta.ec\/index.php\/wp-json\/wp\/v2\/posts"}],"about":[{"href":"https:\/\/elmercuriomanta.ec\/index.php\/wp-json\/wp\/v2\/types\/post"}],"author":[{"embeddable":true,"href":"https:\/\/elmercuriomanta.ec\/index.php\/wp-json\/wp\/v2\/users\/12"}],"replies":[{"embeddable":true,"href":"https:\/\/elmercuriomanta.ec\/index.php\/wp-json\/wp\/v2\/comments?post=64993"}],"version-history":[{"count":1,"href":"https:\/\/elmercuriomanta.ec\/index.php\/wp-json\/wp\/v2\/posts\/64993\/revisions"}],"predecessor-version":[{"id":64995,"href":"https:\/\/elmercuriomanta.ec\/index.php\/wp-json\/wp\/v2\/posts\/64993\/revisions\/64995"}],"wp:featuredmedia":[{"embeddable":true,"href":"https:\/\/elmercuriomanta.ec\/index.php\/wp-json\/wp\/v2\/media\/64994"}],"wp:attachment":[{"href":"https:\/\/elmercuriomanta.ec\/index.php\/wp-json\/wp\/v2\/media?parent=64993"}],"wp:term":[{"taxonomy":"category","embeddable":true,"href":"https:\/\/elmercuriomanta.ec\/index.php\/wp-json\/wp\/v2\/categories?post=64993"},{"taxonomy":"post_tag","embeddable":true,"href":"https:\/\/elmercuriomanta.ec\/index.php\/wp-json\/wp\/v2\/tags?post=64993"}],"curies":[{"name":"wp","href":"https:\/\/api.w.org\/{rel}","templated":true}]}}