{"id":64981,"date":"2026-05-01T09:41:30","date_gmt":"2026-05-01T14:41:30","guid":{"rendered":"https:\/\/elmercuriomanta.ec\/?p=64981"},"modified":"2026-05-01T09:41:33","modified_gmt":"2026-05-01T14:41:33","slug":"alcaldesa-de-jipijapa-dejenla-trabajar","status":"publish","type":"post","link":"https:\/\/elmercuriomanta.ec\/index.php\/2026\/05\/01\/alcaldesa-de-jipijapa-dejenla-trabajar\/","title":{"rendered":"ALCALDESA DE JIPIJAPA D\u00c9JENLA TRABAJAR"},"content":{"rendered":"\t\t<div data-elementor-type=\"wp-post\" data-elementor-id=\"64981\" class=\"elementor elementor-64981\" data-elementor-post-type=\"post\">\n\t\t\t\t<div data-particle_enable=\"false\" data-particle-mobile-disabled=\"false\" class=\"elementor-element elementor-element-8dabc1f e-flex e-con-boxed e-con e-parent\" data-id=\"8dabc1f\" data-element_type=\"container\" data-e-type=\"container\">\n\t\t\t\t\t<div class=\"e-con-inner\">\n\t\t<div data-particle_enable=\"false\" data-particle-mobile-disabled=\"false\" class=\"elementor-element elementor-element-5d795dd e-con-full e-flex e-con e-child\" data-id=\"5d795dd\" data-element_type=\"container\" data-e-type=\"container\">\n\t\t\t\t<div class=\"elementor-element elementor-element-e66214c elementor-position-top elementor-widget elementor-widget-image-box\" data-id=\"e66214c\" data-element_type=\"widget\" data-e-type=\"widget\" data-widget_type=\"image-box.default\">\n\t\t\t\t<div class=\"elementor-widget-container\">\n\t\t\t\t\t<div class=\"elementor-image-box-wrapper\"><figure class=\"elementor-image-box-img\"><img fetchpriority=\"high\" decoding=\"async\" width=\"2384\" height=\"2413\" src=\"https:\/\/elmercuriomanta.ec\/wp-content\/uploads\/2024\/04\/DUMAR-IGLESIA.png\" class=\"attachment-full size-full wp-image-18624\" alt=\"\" srcset=\"https:\/\/elmercuriomanta.ec\/wp-content\/uploads\/2024\/04\/DUMAR-IGLESIA.png 2384w, https:\/\/elmercuriomanta.ec\/wp-content\/uploads\/2024\/04\/DUMAR-IGLESIA-296x300.png 296w, https:\/\/elmercuriomanta.ec\/wp-content\/uploads\/2024\/04\/DUMAR-IGLESIA-1012x1024.png 1012w, https:\/\/elmercuriomanta.ec\/wp-content\/uploads\/2024\/04\/DUMAR-IGLESIA-768x777.png 768w, https:\/\/elmercuriomanta.ec\/wp-content\/uploads\/2024\/04\/DUMAR-IGLESIA-1518x1536.png 1518w, https:\/\/elmercuriomanta.ec\/wp-content\/uploads\/2024\/04\/DUMAR-IGLESIA-2023x2048.png 2023w\" sizes=\"(max-width: 2384px) 100vw, 2384px\" \/><\/figure><div class=\"elementor-image-box-content\"><h3 class=\"elementor-image-box-title\">Dr. Dumar Iglesias Mata<\/h3><p class=\"elementor-image-box-description\">Historiador manabita\ndumariglesiasmata@gmail.com<\/p><\/div><\/div>\t\t\t\t<\/div>\n\t\t\t\t<\/div>\n\t\t\t\t<\/div>\n\t\t<div data-particle_enable=\"false\" data-particle-mobile-disabled=\"false\" class=\"elementor-element elementor-element-c01ee8f e-con-full e-flex e-con e-child\" data-id=\"c01ee8f\" data-element_type=\"container\" data-e-type=\"container\">\n\t\t\t\t<div class=\"elementor-element elementor-element-b110a1f elementor-widget elementor-widget-text-editor\" data-id=\"b110a1f\" data-element_type=\"widget\" data-e-type=\"widget\" data-widget_type=\"text-editor.default\">\n\t\t\t\t<div class=\"elementor-widget-container\">\n\t\t\t\t\t\t\t\t\t<div class=\"page\" title=\"Page 10\"><div class=\"section\"><div class=\"layoutArea\"><div class=\"column\"><div class=\"page\" title=\"Page 10\"><div class=\"section\"><div class=\"layoutArea\"><div class=\"column\"><div class=\"page\" title=\"Page 10\"><div class=\"section\"><div class=\"layoutArea\"><div class=\"column\"><div class=\"page\" title=\"Page 10\"><div class=\"section\"><div class=\"layoutArea\"><div class=\"column\"><div class=\"page\" title=\"Page 10\"><div class=\"section\"><div class=\"layoutArea\"><div class=\"column\"><p>Pr\u00f3ximamente se har\u00e1 realidad el sue\u00f1o de Alex Cevallos Medina, Alcalde hist\u00f3rico del cant\u00f3n Jama, de contar con una Extensi\u00f3n de la Universidad Laica Eloy Alfaro de Manab\u00ed. Ha sido uno de sus m\u00e1s grandes ideales que la juventud Jamanense se supere, para lo cual ha logrado becas y facilidades econ\u00f3micas para quienes deseen estudiar en la Universidad Cat\u00f3lica Particular de Loja. Y como l\u00edder popular que de las palabras va a la acci\u00f3n, el regocijo ciudadano es mayor cuando el Alcalde ha comprometido p\u00fablicamente la donaci\u00f3n de la familia Cevallos, de dos hect\u00e1reas de terreno, para la construcci\u00f3n de la Extensi\u00f3n de la ULEAM. Es evidente el progreso de Jama en sus calles, parques, edificios y avenidas. Alex Cevallos, luego de recibir con d\u00e9ficit la Empresa Municipal de Agua Potable y otros servicios b\u00e1sicos, con f\u00e9rrea disciplina ha logrado que sea sustentable y que ya no sea una carga para las finanzas municipales. Su experiencia administrativa, en 4 periodos anteriores, le da la suficiente autoridad moral, con su ejemplo para que sus colaboradores tengan esa m\u00edstica de honestidad, transparencia y atenci\u00f3n de casa abierta a la ciudadan\u00eda. Recientemente, con una inversi\u00f3n del ahorro municipal, de 311.340 d\u00f3lares, adquiri\u00f3 una excavadora y un carro sanitario, habiendo cancelado el 50% y el otro 50% se pagar\u00e1 con recursos propios. Innumerables obras lleva adelante el Alcalde Cevallos, pese a que el Acuerdo 007 del Ministerio de Finanzas, prev\u00e9 una reducci\u00f3n presupuestaria del 9,26% a los GAD, por modelo de equidad territorial y en aplicaci\u00f3n de equilibrio de la Finanzas Publicas. En la Sesi\u00f3n Solemne por el vig\u00e9simo sexto aniversario de cantonizaci\u00f3n, el Alcalde explic\u00f3 que a pesar de la reducci\u00f3n del presupuesto anual, hacen todas las gestiones para abarcar la atenci\u00f3n vial tanto en zona urbana como rural con el apoyo de la Prefectura as\u00ed como con el gobierno nacional. Explic\u00f3 que viene manteniendo conversaciones con ONG, fundaciones y con la mancomunidad, para seguir solicitando recursos que se sumen a los que les env\u00eda el gobierno por ley. El jueves 11 de abril, en acto solemne, el Alcalde de Jama, Zootecnista Alex Cevallos Medina, recibi\u00f3 la Condecoraci\u00f3n Bicentenario de Manab\u00ed y fue declarado por la CNPE como el Mejor Alcalde de la Provincia de Manab\u00ed.<\/p><\/div><\/div><\/div><\/div><\/div><\/div><\/div><\/div><\/div><\/div><\/div><\/div><\/div><\/div><\/div><\/div><\/div><\/div><\/div><\/div>\t\t\t\t\t\t\t\t<\/div>\n\t\t\t\t<\/div>\n\t\t\t\t<\/div>\n\t\t\t\t\t<\/div>\n\t\t\t\t<\/div>\n\t\t\t\t<\/div>\n\t\t","protected":false},"excerpt":{"rendered":"<p>Lo sostuve en mi comentario de \u00e9sta columna publicado el 15 de abril del 2026, cuando manifest\u00e9 que la Dra. \u00c1ngela Pl\u00faa, Alcaldesa de Jipijapa, iba a salir airosa del intento de destituci\u00f3n, que por tercera vez lo intentaron 5 concejales.<br \/>\nCinco Jueces del Tribunal Contencioso Electoral, con Sede en Quito, determinaron dejar sin efecto la resoluci\u00f3n del Concejo Cantonal de Jipijapa por considerar que fue ilegal&#8230; <\/p>\n","protected":false},"author":1,"featured_media":18624,"comment_status":"open","ping_status":"open","sticky":false,"template":"","format":"standard","meta":{"footnotes":""},"categories":[77],"tags":[],"class_list":["post-64981","post","type-post","status-publish","format-standard","has-post-thumbnail","hentry","category-opinion"],"_links":{"self":[{"href":"https:\/\/elmercuriomanta.ec\/index.php\/wp-json\/wp\/v2\/posts\/64981","targetHints":{"allow":["GET"]}}],"collection":[{"href":"https:\/\/elmercuriomanta.ec\/index.php\/wp-json\/wp\/v2\/posts"}],"about":[{"href":"https:\/\/elmercuriomanta.ec\/index.php\/wp-json\/wp\/v2\/types\/post"}],"author":[{"embeddable":true,"href":"https:\/\/elmercuriomanta.ec\/index.php\/wp-json\/wp\/v2\/users\/1"}],"replies":[{"embeddable":true,"href":"https:\/\/elmercuriomanta.ec\/index.php\/wp-json\/wp\/v2\/comments?post=64981"}],"version-history":[{"count":1,"href":"https:\/\/elmercuriomanta.ec\/index.php\/wp-json\/wp\/v2\/posts\/64981\/revisions"}],"predecessor-version":[{"id":64982,"href":"https:\/\/elmercuriomanta.ec\/index.php\/wp-json\/wp\/v2\/posts\/64981\/revisions\/64982"}],"wp:featuredmedia":[{"embeddable":true,"href":"https:\/\/elmercuriomanta.ec\/index.php\/wp-json\/wp\/v2\/media\/18624"}],"wp:attachment":[{"href":"https:\/\/elmercuriomanta.ec\/index.php\/wp-json\/wp\/v2\/media?parent=64981"}],"wp:term":[{"taxonomy":"category","embeddable":true,"href":"https:\/\/elmercuriomanta.ec\/index.php\/wp-json\/wp\/v2\/categories?post=64981"},{"taxonomy":"post_tag","embeddable":true,"href":"https:\/\/elmercuriomanta.ec\/index.php\/wp-json\/wp\/v2\/tags?post=64981"}],"curies":[{"name":"wp","href":"https:\/\/api.w.org\/{rel}","templated":true}]}}