{"id":64967,"date":"2026-05-01T09:28:20","date_gmt":"2026-05-01T14:28:20","guid":{"rendered":"https:\/\/elmercuriomanta.ec\/?p=64967"},"modified":"2026-05-01T09:28:20","modified_gmt":"2026-05-01T14:28:20","slug":"cifras-del-mercado-laboral-en-ecuador-empleo-adecuado-se-contrae","status":"publish","type":"post","link":"https:\/\/elmercuriomanta.ec\/index.php\/2026\/05\/01\/cifras-del-mercado-laboral-en-ecuador-empleo-adecuado-se-contrae\/","title":{"rendered":"CIFRAS DEL MERCADO LABORAL EN ECUADOR; EMPLEO ADECUADO SE CONTRAE"},"content":{"rendered":"\n<figure class=\"wp-block-image aligncenter size-large is-resized\"><img fetchpriority=\"high\" decoding=\"async\" width=\"1024\" height=\"576\" src=\"https:\/\/elmercuriomanta.ec\/wp-content\/uploads\/2026\/05\/image-1024x576.png\" alt=\"\" class=\"wp-image-64968\" style=\"width:456px;height:auto\" srcset=\"https:\/\/elmercuriomanta.ec\/wp-content\/uploads\/2026\/05\/image-1024x576.png 1024w, https:\/\/elmercuriomanta.ec\/wp-content\/uploads\/2026\/05\/image-300x169.png 300w, https:\/\/elmercuriomanta.ec\/wp-content\/uploads\/2026\/05\/image-768x432.png 768w, https:\/\/elmercuriomanta.ec\/wp-content\/uploads\/2026\/05\/image-1536x864.png 1536w, https:\/\/elmercuriomanta.ec\/wp-content\/uploads\/2026\/05\/image.png 1920w\" sizes=\"(max-width: 1024px) 100vw, 1024px\" \/><\/figure>\n\n\n\n<p>El an\u00e1lisis de la Encuesta Nacional de Empleo (Enemdu) entre marzo de 2025 y marzo de 2026 muestra variaciones significativas en la calidad del empleo en Ecuador. Cae la participaci\u00f3n laboral. La tasa global pas\u00f3 de 65,4% a 64,4%, reflejando un enfriamiento del mercado: menos personas se insertan en empleos formales. Baja el desempleo, pero no mejora el empleo. El desempleo nacional se redujo de 3,3% a 2,9%. Sin embargo, ese descenso puede explicarse por la migraci\u00f3n hacia trabajos informales o precarios, no por mejores condiciones. Brecha de g\u00e9nero. El desempleo femenino lleg\u00f3 a 3,7% frente al 2,3% masculino. La diferencia de 1,4 puntos evidencia desigualdades persistentes. Diferencias urbano-rural.<\/p>\n\n\n\n<p>En ciudades, el desempleo baj\u00f3 de 4,2% a 3,7%; en zonas rurales se mantuvo estable (1,6% a 1,5%). Dato clave: el empleo adecuado se desploma. Pas\u00f3 de 34,2% a 32,1%. El economista Alberto Acosta-Burneo alerta sobre \u00ab186 mil empleos adecuados perdidos en 12 meses\u00bb. Es decir, solo 32,1% de la poblaci\u00f3n econ\u00f3micamente activa tiene trabajo con salario m\u00ednimo y jornada completa. Subempleo baja levemente (20,9% a 19,6%), pero afecta a uno de cada cinco trabajadores. Crece el empleo precario. El \u00abotro empleo no pleno\u00bb salt\u00f3 de 29,7% a 34,8%, confirmando m\u00e1s trabajos inestables. Empleo no remunerado baj\u00f3 de 11,8% a 10,4%, El empleo formal retrocede (40,6% a 39,0%), mientras que la informalidad gana terreno (55,5% a 56,3%). M\u00e1s de la mitad de los trabajadores ecuatorianos carecen de derechos laborales plenos, aumentando su vulnerabilidad econ\u00f3mica. aunque sigue siendo relevante.<\/p>\n\n\n\n<p><\/p>\n","protected":false},"excerpt":{"rendered":"<p>El an\u00e1lisis de la Encuesta Nacional de Empleo (Enemdu) entre marzo de 2025 y marzo de 2026 muestra variaciones significativas en la calidad del empleo en Ecuador. Cae la participaci\u00f3n laboral. La tasa global pas\u00f3 de 65,4% a 64,4%, reflejando un enfriamiento del mercado: menos personas se insertan en empleos formales. Baja el desempleo, pero no mejora el empleo. El desempleo nacional se redujo de 3,3% a 2,9%. Sin embargo, ese descenso puede explicarse por la migraci\u00f3n hacia trabajos informales o precarios, no por mejores condiciones. Brecha de g\u00e9nero. El desempleo femenino lleg\u00f3 a 3,7% frente al 2,3% masculino. La diferencia de 1,4 puntos evidencia desigualdades persistentes. Diferencias urbano-rural.<\/p>\n<p>En ciudades, el desempleo baj\u00f3 de 4,2% a 3,7%; en zonas rurales se mantuvo estable (1,6% a 1,5%). Dato clave: el empleo adecuado se desploma. Pas\u00f3 de 34,2% a 32,1%. El economista Alberto Acosta-Burneo alerta sobre \u00ab186 mil empleos adecuados perdidos en 12 meses\u00bb. Es decir, solo 32,1% de la poblaci\u00f3n econ\u00f3micamente activa tiene trabajo con salario m\u00ednimo y jornada completa. Subempleo baja levemente (20,9% a 19,6%), pero afecta a uno de cada cinco trabajadores. Crece el empleo precario. El \u00abotro empleo no pleno\u00bb salt\u00f3 de 29,7% a 34,8%, confirmando m\u00e1s trabajos inestables. Empleo no remunerado baj\u00f3 de 11,8% a 10,4%, El empleo formal retrocede (40,6% a 39,0%), mientras que la informalidad gana terreno (55,5% a 56,3%). M\u00e1s de la mitad de los trabajadores ecuatorianos carecen de derechos laborales plenos, aumentando su vulnerabilidad econ\u00f3mica. aunque sigue siendo relevante.<\/p>\n","protected":false},"author":12,"featured_media":64968,"comment_status":"open","ping_status":"open","sticky":false,"template":"","format":"standard","meta":{"footnotes":""},"categories":[19],"tags":[],"class_list":["post-64967","post","type-post","status-publish","format-standard","has-post-thumbnail","hentry","category-portada-1"],"_links":{"self":[{"href":"https:\/\/elmercuriomanta.ec\/index.php\/wp-json\/wp\/v2\/posts\/64967","targetHints":{"allow":["GET"]}}],"collection":[{"href":"https:\/\/elmercuriomanta.ec\/index.php\/wp-json\/wp\/v2\/posts"}],"about":[{"href":"https:\/\/elmercuriomanta.ec\/index.php\/wp-json\/wp\/v2\/types\/post"}],"author":[{"embeddable":true,"href":"https:\/\/elmercuriomanta.ec\/index.php\/wp-json\/wp\/v2\/users\/12"}],"replies":[{"embeddable":true,"href":"https:\/\/elmercuriomanta.ec\/index.php\/wp-json\/wp\/v2\/comments?post=64967"}],"version-history":[{"count":1,"href":"https:\/\/elmercuriomanta.ec\/index.php\/wp-json\/wp\/v2\/posts\/64967\/revisions"}],"predecessor-version":[{"id":64969,"href":"https:\/\/elmercuriomanta.ec\/index.php\/wp-json\/wp\/v2\/posts\/64967\/revisions\/64969"}],"wp:featuredmedia":[{"embeddable":true,"href":"https:\/\/elmercuriomanta.ec\/index.php\/wp-json\/wp\/v2\/media\/64968"}],"wp:attachment":[{"href":"https:\/\/elmercuriomanta.ec\/index.php\/wp-json\/wp\/v2\/media?parent=64967"}],"wp:term":[{"taxonomy":"category","embeddable":true,"href":"https:\/\/elmercuriomanta.ec\/index.php\/wp-json\/wp\/v2\/categories?post=64967"},{"taxonomy":"post_tag","embeddable":true,"href":"https:\/\/elmercuriomanta.ec\/index.php\/wp-json\/wp\/v2\/tags?post=64967"}],"curies":[{"name":"wp","href":"https:\/\/api.w.org\/{rel}","templated":true}]}}